{"id":5315,"date":"2018-03-16T15:57:57","date_gmt":"2018-03-16T14:57:57","guid":{"rendered":"https:\/\/www.odyssea.eu\/projets\/?p=5315"},"modified":"2018-03-26T16:35:05","modified_gmt":"2018-03-26T14:35:05","slug":"projet-strategique-de-barcares","status":"publish","type":"post","link":"https:\/\/www.odyssea.eu\/projets\/programmes-europeens\/projets-europeens-14-20\/projet-strategique-de-barcares\/","title":{"rendered":"Projet strat\u00e9gique de Barcar\u00e8s"},"content":{"rendered":"<p>[et_pb_section bb_built=\u00a0\u00bb1&Prime;][et_pb_row _builder_version=\u00a0\u00bb3.0.105&Prime; custom_margin=\u00a0\u00bb||0px|\u00a0\u00bb custom_padding=\u00a0\u00bb||0px|\u00a0\u00bb][et_pb_column type=\u00a0\u00bb4_4&Prime;][et_pb_post_title admin_label=\u00a0\u00bbProjet strat\u00e9gique de Barcar\u00e8s\u00a0\u00bb _builder_version=\u00a0\u00bb3.0.105&Prime; title=\u00a0\u00bbon\u00a0\u00bb meta=\u00a0\u00bboff\u00a0\u00bb author=\u00a0\u00bbon\u00a0\u00bb date=\u00a0\u00bbon\u00a0\u00bb categories=\u00a0\u00bbon\u00a0\u00bb comments=\u00a0\u00bbon\u00a0\u00bb featured_image=\u00a0\u00bboff\u00a0\u00bb featured_placement=\u00a0\u00bbbelow\u00a0\u00bb text_color=\u00a0\u00bbdark\u00a0\u00bb text_background=\u00a0\u00bboff\u00a0\u00bb \/][et_pb_image _builder_version=\u00a0\u00bb3.0.105&Prime; show_in_lightbox=\u00a0\u00bboff\u00a0\u00bb url_new_window=\u00a0\u00bboff\u00a0\u00bb src=\u00a0\u00bbhttps:\/\/www.odyssea.eu\/projets\/wp-content\/uploads\/2018\/03\/Barcares-wide.jpg\u00a0\u00bb always_center_on_mobile=\u00a0\u00bbon\u00a0\u00bb use_overlay=\u00a0\u00bboff\u00a0\u00bb force_fullwidth=\u00a0\u00bboff\u00a0\u00bb show_bottom_space=\u00a0\u00bbon\u00a0\u00bb animation_style=\u00a0\u00bbfade\u00a0\u00bb \/][et_pb_code admin_label=\u00a0\u00bbPavet de texte\u00a0\u00bb _builder_version=\u00a0\u00bb3.0.105&Prime; custom_margin=\u00a0\u00bb||0px|\u00a0\u00bb custom_padding=\u00a0\u00bb||0px|\u00a0\u00bb]&lt;strong&gt;UN NOUVEAU TERRITOIRE D\u2019INNOVATION DE GRANDE AMBITION &lt;!&#8211; [et_pb_line_break_holder] &#8211;&gt;AU C\u0152UR DE PERPIGNAN M\u00c9DITERRAN\u00c9E M\u00c9TROPOLE&lt;\/strong&gt;&lt;br \/&gt;&lt;br &gt;&lt;!&#8211; [et_pb_line_break_holder] &#8211;&gt;&lt;em&gt;Pour un soutien \u00e0 la recherche, l\u2019innovation et aux fili\u00e8res : &lt;!&#8211; [et_pb_line_break_holder] &#8211;&gt;nautisme, plaisance, croisi\u00e8re, culture, patrimoine, tourisme et agritourisme&lt;\/em&gt;&lt;br \/&gt;&lt;br &gt;&lt;!&#8211; [et_pb_line_break_holder] &#8211;&gt;&lt;!&#8211; [et_pb_line_break_holder] &#8211;&gt;Port Barcar\u00e8s, station n\u00e9e dans les ann\u00e9es 60 de la mission d\u2019am\u00e9nagement du littoral du Languedoc-Roussillon (Mission Racine), est aujourd\u2019hui en passe de devenir un nouveau territoire d\u2019innovation de grande ambition de la r\u00e9gion Occitanie. La ville a choisi de d\u00e9velopper \u00e0 l\u2019horizon 2025, un projet de grande envergure qui s\u2019inscrit dans le territoire de la Communaut\u00e9 Urbaine Perpignan M\u00e9tropole, les orientations strat\u00e9giques du projet Terra Nostra, le Sch\u00e9ma de Mise en Valeur de la Mer, prend en compte la Charte Sud de France Nautique et les 6 axes strat\u00e9giques des mod\u00e8les et label europ\u00e9en Odyssea Tourisme et Croissance Bleue\u00ae, Destinations Bleues d\u2019Excellence\u00ae, Odyssea Protect\u00ae, l\u2019Itin\u00e9raire nautique du patrimoine culturel maritime\u00ae et ses Routes Bleues\u00ae en mer et \u00e0 terre.&lt;br \/&gt;&lt;br &gt;&lt;!&#8211; [et_pb_line_break_holder] &#8211;&gt;&lt;!&#8211; [et_pb_line_break_holder] &#8211;&gt;&lt;strong&gt;Le projet int\u00e9gr\u00e9 de territoire du Barcar\u00e8s associe :&lt;\/strong&gt;&lt;br \/&gt;&lt;br \/&gt;&lt;!&#8211; [et_pb_line_break_holder] &#8211;&gt;&lt;ul&gt;&lt;!&#8211; [et_pb_line_break_holder] &#8211;&gt;&lt;li&gt;Environnement : biodiversit\u00e9, \u00e9nergie douce, Parc Marin du Golfe du lion (aires marines prot\u00e9g\u00e9es)&lt;!&#8211; [et_pb_line_break_holder] &#8211;&gt;&lt;li&gt;Culture : comptoir culturel maritime, route bleue du patrimoine maritime&lt;!&#8211; [et_pb_line_break_holder] &#8211;&gt;&lt;li&gt;Economie : partenaires priv\u00e9s, start-up, p\u00e9pini\u00e8re d\u2019entreprises avec la CU Perpignan M\u00e9diterran\u00e9e&lt;!&#8211; [et_pb_line_break_holder] &#8211;&gt;&lt;li&gt;Recherche : p\u00f4le universitaire, CREM&lt;!&#8211; [et_pb_line_break_holder] &#8211;&gt;&lt;li&gt;Loisirs : activit\u00e9s \u00ab sportuaires \u00bb, glisse, plaisance, nautisme.&lt;!&#8211; [et_pb_line_break_holder] &#8211;&gt;&lt;li&gt;Vie quotidienne : cadre de vie, multi-g\u00e9n\u00e9rations, architecture qualitative&lt;!&#8211; [et_pb_line_break_holder] &#8211;&gt;&lt;li&gt;Tourisme : tradition catalane, gastronomie&lt;!&#8211; [et_pb_line_break_holder] &#8211;&gt;&lt;\/ul&gt;&lt;!&#8211; [et_pb_line_break_holder] &#8211;&gt;&lt;!&#8211; [et_pb_line_break_holder] &#8211;&gt;&lt;strong&gt;Le projet de Port Barcar\u00e8s s\u2019articule autour de grands p\u00f4les structurants :&lt;\/strong&gt;&lt;br \/&gt;&lt;br &gt;&lt;!&#8211; [et_pb_line_break_holder] &#8211;&gt;&lt;!&#8211; [et_pb_line_break_holder] &#8211;&gt;Une ville-port du XXI\u00b0 si\u00e8cle, innovante et connect\u00e9e, dans le concept de smart port city, autour de son port de plaisance, v\u00e9ritable port d\u2018attachement et lieu de vie innovant, nouvel outil de d\u00e9veloppement touristique, fortement connect\u00e9 au reste de la ville et au territoire touristique situ\u00e9 \u00e0 1 heure de destination. Un port d\u2019avenir et de grande ambition architecturale, qui sera r\u00e9am\u00e9nag\u00e9 pour devenir le futur c\u0153ur de station, en coh\u00e9rence avec la charte Sud de France Nautique, le Plan Littoral 21 de la R\u00e9gion Occitanie, le label Port exemplaire de l\u2019Etat fran\u00e7ais, les objectifs europ\u00e9ens de croissance et d\u2019\u00e9conomie bleue. Un Comptoir Culturel Maritime, la Maison du Tourisme Bleu, v\u00e9ritable Office de Tourisme de la mer, sera am\u00e9nag\u00e9 pour faciliter l\u2019acc\u00e8s \u00e0 la mer, ses produits et sa culture, r\u00e9pondre aux nouveaux besoins des plaisanciers d\u00e9velopper de nouvelles formes d\u2019accueil et des services adapt\u00e9s aux attentes des client\u00e8les. Ce mod\u00e8le structurant inclura les services de la capitainerie, un lieu d\u2019interpr\u00e9tation et de d\u00e9couverte de la mer et du littoral,  l\u2019am\u00e9nagement d\u2019une Eco-Gare dans le mod\u00e8le Odyssea Protect.&lt;br \/&gt;&lt;br &gt;&lt;!&#8211; [et_pb_line_break_holder] &#8211;&gt;&lt;!&#8211; [et_pb_line_break_holder] &#8211;&gt;La r\u00e9habilitation du Lydia et l\u2019am\u00e9nagement du P\u00f4le de visite du \u2018Paquebot des Sables\u2019 autour d\u2019un espace d\u2019attraction innovant d\u2019int\u00e9r\u00eat r\u00e9gional \/ national \/ international port\u00e9 par la mise en sc\u00e8ne des escales et merveilles de la M\u00e9diterran\u00e9e au fil de l\u2019histoire du Royaume de Majorque. Class\u00e9 au patrimoine du XX\u00b0 si\u00e8cle et candidat au label Grands Sites d\u2019Occitanie dans le cadre du dossier d\u00e9pos\u00e9 par la CU Perpignan M\u00e9tropole, cet \u00e9l\u00e9ment embl\u00e9matique de la naissance de la station (mission Racine), dot\u00e9 d\u2019un potentiel original et unique, sera moteur de d\u00e9veloppement de l\u2019emploi local, de partenariats et de coop\u00e9rations r\u00e9gionales et internationales, d\u2019ouverture sur la M\u00e9diterran\u00e9e, de m\u00e9diations culturelles innovantes, de renouvellement du spectacle vivant, d\u2019une \u00e9conomie bleue attractive aux 4 saisons.&lt;br \/&gt;&lt;br &gt;&lt;!&#8211; [et_pb_line_break_holder] &#8211;&gt;&lt;!&#8211; [et_pb_line_break_holder] &#8211;&gt;La mise en place d\u2019un P\u00f4le Recherche pour rapprocher le public des sciences de la mer dans le cadre d\u2019un partenariat Universit\u00e9 \/ collectivit\u00e9 publique \/ entreprises. &lt;!&#8211; [et_pb_line_break_holder] &#8211;&gt;&lt;ul&gt;&lt;!&#8211; [et_pb_line_break_holder] &#8211;&gt;&lt;li&gt;Le d\u00e9veloppement d\u2019une vitrine technologique, de solutions pour l\u2019\u00e9co-conception et le g\u00e9nie \u00e9cologique&lt;!&#8211; [et_pb_line_break_holder] &#8211;&gt;&lt;li&gt;La cr\u00e9ation d\u2019une aire marine portuaire prot\u00e9g\u00e9e et d\u2019une zone de sensibilisation sous-marine &lt;!&#8211; [et_pb_line_break_holder] &#8211;&gt;&lt;li&gt;Le d\u00e9ploiement d\u2019un tourisme durable \/ tourisme scientifique connect\u00e9 avec le Master Tourisme de l\u2019UPVD de Perpignan&lt;!&#8211; [et_pb_line_break_holder] &#8211;&gt;&lt;\/ul&gt;&lt;!&#8211; [et_pb_line_break_holder] &#8211;&gt;La requalification du village des p\u00eacheurs pour valoriser toute la fili\u00e8re halieutique, une op\u00e9ration inscrite \u00e9galement dans le projet \u2018grands Sites d\u2019Occitanie\u2019. Une culture, un patrimoine, des techniques, des hommes et des savoir-faire au c\u0153ur d\u2019un projet de valorisation innovant, qui s\u2019appuiera sur le bien vivre et la gastronomie. Une ambition de d\u00e9veloppement des circuits courts, d\u2019\u00e9conomie plus solidaire, d\u2019attractivit\u00e9 de la destination autour de ses valeurs d\u2019authenticit\u00e9 et de partage.&lt;br \/&gt;&lt;br &gt;&lt;!&#8211; [et_pb_line_break_holder] &#8211;&gt;&lt;!&#8211; [et_pb_line_break_holder] &#8211;&gt;La cr\u00e9ation du Grand Stade Bleu Nautique du Barcar\u00e8s, un espace unique lagunaire, naturel et portuaire, f\u00e9d\u00e9rateur d\u2019activit\u00e9s nautiques, de plaisance et de croisi\u00e8res.  Pour Barcar\u00e8s, il s\u2019agira de structurer, regrouper, promouvoir et commercialiser dans un m\u00eame univers et par une mutualisation de moyens innovants, toutes les activit\u00e9s, patrimoines, professionnels, sites et paysages maritimes et lagunaires. L\u2019appui sur un itin\u00e9raire touristique et culturel nautique en faveur de l\u2019\u00e9conomie bleue (p\u00eache, croisi\u00e8re, nautisme, plaisance, savoir-faire, patrimoine maritime et culturel, \u2026), dans les crit\u00e8res du label des itin\u00e9raires culturels du Conseil de l\u2019Europe et l\u2019\u00e9thique de l\u2019UNESCO, sera le gage de diff\u00e9renciation et d\u2019attractivit\u00e9 de l\u2019escale du Barcar\u00e8s au travers d\u2019une mise en tourisme durable innovante. Le lieu d\u2019expression de ces nouvelles offres, produits d\u2019\u00e9cotourisme aura pour cadre la maison du Tourisme Bleu.  &lt;br \/&gt;&lt;br &gt;&lt;!&#8211; [et_pb_line_break_holder] &#8211;&gt;&lt;!&#8211; [et_pb_line_break_holder] &#8211;&gt;La mise en \u00e9cotourisme des activit\u00e9s et des parcours th\u00e9matiques d\u2019itin\u00e9raires (en mer et \u00e0 terre, jusqu\u2019\u00e0 une heure de destination) dans le mod\u00e8le \u00e9conomique solidaire et \u00e9thique du label Odyssea Tourisme et Croissance Bleue\u00ae, un concept de station des 4 saisons.  Port Barcar\u00e8s va s\u2019attacher \u00e0 structurer, promouvoir et commercialiser son offre touristique autour du patrimoine culturel, de la p\u00eache, des paysages c\u00f4t\u00e9s Mer &amp; Terre, des escales des loisirs  Nautique, Nature, Sante, Art de vivre&#8230;.  en s\u2019appuyant sur une politique de grands \u00e9v\u00e8nementiels tout au long de l\u2019ann\u00e9e et \u00e0 partir desquels l\u2019Office de Tourisme va construire une strat\u00e9gie touristique int\u00e9gr\u00e9e innovante de D\u00e9veloppement Local avec les Acteurs Locaux (DLAL).[\/et_pb_code][\/et_pb_column][\/et_pb_row][et_pb_row][et_pb_column type=\u00a0\u00bb4_4&Prime;][et_pb_cta _builder_version=\u00a0\u00bb3.0.105&Prime; button_url=\u00a0\u00bbhttps:\/\/www.odyssea.eu\/projets\/wp-content\/uploads\/2018\/03\/PAGES-PRESENTATION-PROJETS-DESTINATIONS-ODYSSEA.pdf\u00a0\u00bb url_new_window=\u00a0\u00bbon\u00a0\u00bb button_text=\u00a0\u00bbLire le document (PDF)\u00a0\u00bb use_background_color=\u00a0\u00bboff\u00a0\u00bb background_layout=\u00a0\u00bbdark\u00a0\u00bb custom_button=\u00a0\u00bboff\u00a0\u00bb button_icon_placement=\u00a0\u00bbright\u00a0\u00bb \/][\/et_pb_column][\/et_pb_row][\/et_pb_section]<\/p>\n","protected":false},"excerpt":{"rendered":"<p>&lt;strong&gt;UN NOUVEAU TERRITOIRE D\u2019INNOVATION DE GRANDE AMBITION &lt;!&#8211; [et_pb_line_break_holder] &#8211;&gt;AU C\u0152UR DE PERPIGNAN M\u00c9DITERRAN\u00c9E M\u00c9TROPOLE&lt;\/strong&gt;&lt;br \/&gt;&lt;br &gt;&lt;!&#8211; [et_pb_line_break_holder] &#8211;&gt;&lt;em&gt;Pour un soutien \u00e0 la recherche, l\u2019innovation et aux fili\u00e8res : &lt;!&#8211; [et_pb_line_break_holder] &#8211;&gt;nautisme, plaisance, croisi\u00e8re, culture, patrimoine, tourisme et agritourisme&lt;\/em&gt;&lt;br \/&gt;&lt;br &gt;&lt;!&#8211; [et_pb_line_break_holder] &#8211;&gt;&lt;!&#8211; [et_pb_line_break_holder] &#8211;&gt;Port Barcar\u00e8s, station n\u00e9e dans les ann\u00e9es 60 de la mission [&hellip;]<\/p>\n","protected":false},"author":2,"featured_media":0,"comment_status":"closed","ping_status":"open","sticky":false,"template":"","format":"standard","meta":{"_et_pb_use_builder":"on","_et_pb_old_content":"","_et_gb_content_width":"","footnotes":""},"categories":[62],"tags":[],"class_list":["post-5315","post","type-post","status-publish","format-standard","hentry","category-projets-europeens-14-20"],"_links":{"self":[{"href":"https:\/\/www.odyssea.eu\/projets\/wp-json\/wp\/v2\/posts\/5315","targetHints":{"allow":["GET"]}}],"collection":[{"href":"https:\/\/www.odyssea.eu\/projets\/wp-json\/wp\/v2\/posts"}],"about":[{"href":"https:\/\/www.odyssea.eu\/projets\/wp-json\/wp\/v2\/types\/post"}],"author":[{"embeddable":true,"href":"https:\/\/www.odyssea.eu\/projets\/wp-json\/wp\/v2\/users\/2"}],"replies":[{"embeddable":true,"href":"https:\/\/www.odyssea.eu\/projets\/wp-json\/wp\/v2\/comments?post=5315"}],"version-history":[{"count":5,"href":"https:\/\/www.odyssea.eu\/projets\/wp-json\/wp\/v2\/posts\/5315\/revisions"}],"predecessor-version":[{"id":5789,"href":"https:\/\/www.odyssea.eu\/projets\/wp-json\/wp\/v2\/posts\/5315\/revisions\/5789"}],"wp:attachment":[{"href":"https:\/\/www.odyssea.eu\/projets\/wp-json\/wp\/v2\/media?parent=5315"}],"wp:term":[{"taxonomy":"category","embeddable":true,"href":"https:\/\/www.odyssea.eu\/projets\/wp-json\/wp\/v2\/categories?post=5315"},{"taxonomy":"post_tag","embeddable":true,"href":"https:\/\/www.odyssea.eu\/projets\/wp-json\/wp\/v2\/tags?post=5315"}],"curies":[{"name":"wp","href":"https:\/\/api.w.org\/{rel}","templated":true}]}}