{"id":5305,"date":"2018-03-16T15:38:46","date_gmt":"2018-03-16T14:38:46","guid":{"rendered":"https:\/\/www.odyssea.eu\/projets\/?p=5305"},"modified":"2024-03-05T09:21:58","modified_gmt":"2024-03-05T08:21:58","slug":"banyuls-sur-mer-destination-bleue-dexcellence","status":"publish","type":"post","link":"https:\/\/www.odyssea.eu\/projets\/programmes-europeens\/projets-europeens-14-20\/banyuls-sur-mer-destination-bleue-dexcellence\/","title":{"rendered":"Banyuls-sur-Mer &#8211; Destination Bleue d&rsquo;Excellence"},"content":{"rendered":"<p>[et_pb_section fb_built=\u00a0\u00bb1&Prime; fullwidth=\u00a0\u00bbon\u00a0\u00bb _builder_version=\u00a0\u00bb3.0.105&Prime; global_module=\u00a0\u00bb6347&Prime; global_colors_info=\u00a0\u00bb{}\u00a0\u00bb][et_pb_fullwidth_menu menu_id=\u00a0\u00bb93&Prime; submenu_direction=\u00a0\u00bbdownwards\u00a0\u00bb fullwidth_menu=\u00a0\u00bboff\u00a0\u00bb admin_label=\u00a0\u00bbMenu Banyuls\u00a0\u00bb module_id=\u00a0\u00bbbanyulsMenu\u00a0\u00bb module_class=\u00a0\u00bbhorizontalMenu\u00a0\u00bb _builder_version=\u00a0\u00bb4.16&Prime; global_colors_info=\u00a0\u00bb{}\u00a0\u00bb][\/et_pb_fullwidth_menu][\/et_pb_section][et_pb_section fb_built=\u00a0\u00bb1&Prime; fullwidth=\u00a0\u00bbon\u00a0\u00bb _builder_version=\u00a0\u00bb4.16&Prime; global_colors_info=\u00a0\u00bb{}\u00a0\u00bb][et_pb_fullwidth_image src=\u00a0\u00bbhttps:\/\/www.odyssea.eu\/projets\/wp-content\/uploads\/2018\/03\/Banyuls-sur-Mer-wide.jpg\u00a0\u00bb _builder_version=\u00a0\u00bb4.16&Prime; global_colors_info=\u00a0\u00bb{}\u00a0\u00bb][\/et_pb_fullwidth_image][\/et_pb_section][et_pb_section fb_built=\u00a0\u00bb1&Prime; _builder_version=\u00a0\u00bb4.16&Prime; custom_margin=\u00a0\u00bb||0px|\u00a0\u00bb custom_padding=\u00a0\u00bb||0px|\u00a0\u00bb global_colors_info=\u00a0\u00bb{}\u00a0\u00bb][et_pb_row _builder_version=\u00a0\u00bb4.16&Prime; custom_margin=\u00a0\u00bb||0px|\u00a0\u00bb custom_padding=\u00a0\u00bb||0px|\u00a0\u00bb global_colors_info=\u00a0\u00bb{}\u00a0\u00bb][et_pb_column type=\u00a0\u00bb4_4&Prime; _builder_version=\u00a0\u00bb4.16&Prime; custom_padding=\u00a0\u00bb|||\u00a0\u00bb global_colors_info=\u00a0\u00bb{}\u00a0\u00bb custom_padding__hover=\u00a0\u00bb|||\u00a0\u00bb][et_pb_code _builder_version=\u00a0\u00bb4.16&Prime; global_colors_info=\u00a0\u00bb{}\u00a0\u00bb]<img decoding=\"async\" src=\"https:\/\/www.odyssea.eu\/projets\/wp-content\/uploads\/2018\/03\/logo.jpg\" style=\" max-width: 220px; display: block; margin: auto; text-align: center;\" \/>[\/et_pb_code][et_pb_video src=\u00a0\u00bbhttps:\/\/www.youtube.com\/watch?v=lGRx9ROuRbM\u00a0\u00bb _builder_version=\u00a0\u00bb4.16&Prime; global_colors_info=\u00a0\u00bb{}\u00a0\u00bb][\/et_pb_video][et_pb_code admin_label=\u00a0\u00bbPavet de texte\u00a0\u00bb _builder_version=\u00a0\u00bb4.16&Prime; custom_margin=\u00a0\u00bb||0px|\u00a0\u00bb custom_padding=\u00a0\u00bb||0px|\u00a0\u00bb global_colors_info=\u00a0\u00bb{}\u00a0\u00bb]<strong>Faire de la destination Banyuls-sur-Mer un acteur majeur de l\u2019\u00e9conomie bleue en Occitanie \/ Pyr\u00e9n\u00e9es-M\u00e9diterran\u00e9e inscrits dans les objectifs et les enjeux du plan littoral 21, du sch\u00e9ma r\u00e9gional de d\u00e9veloppement du tourisme et des loisirs, et label europ\u00e9en Odyssea \u00abDestinations Bleues d\u2019Excellence\u00ae\u00bb par une requalification \u00e9coresponsable, touristique et culturelle de son port de plaisance comme porte d\u2019entr\u00e9e du territoire et une mise en \u00e9cotourisme innovante, solidaire et partag\u00e9e de ses offres et de sesproduits, au profit du territoire et des entreprises locales, pour plus d\u2019\u00e9conomie et d\u2019emplois.<\/strong><!\u2013- [et_pb_br_holder] -\u2013><!\u2013- [et_pb_br_holder] -\u2013><!-- [et_pb_line_break_holder] -->Consciente que le tourisme est en pleine mutation et que son offre doit \u00e9voluer, la Ville de Banyuls-sur-Mer s\u2019est lanc\u00e9 le d\u00e9fi de devenir dans les 5 ans \u00e0 venir une destination de r\u00e9f\u00e9rence pour la r\u00e9gion Occitanie \/ Pyr\u00e9n\u00e9es-M\u00e9diterran\u00e9e et pour la Franc en candidatant au label europ\u00e9en Odyssea \u00ab\u00a0Destinations Bleues d\u2019Excellence\u00a0\u00bb.<!\u2013- [et_pb_br_holder] -\u2013><!\u2013- [et_pb_br_holder] -\u2013><!-- [et_pb_line_break_holder] -->Pour cela, la Ville de Banyuls-sur-Mer s\u2019est fix\u00e9e des objectifs clairs :<!-- [et_pb_line_break_holder] --><\/p>\n<ol><!-- [et_pb_line_break_holder] --><\/p>\n<li>Apporter une r\u00e9ponse au Sch\u00e9ma de Coh\u00e9rence Territoriale (SCOT) et au Sch\u00e9ma de Mise en Valeur de la Mer (SMVM) Sud Littoral.<!-- [et_pb_line_break_holder] -->\n<li>Prendre en compte les attentes en mati\u00e8re de tourisme, de d\u00e9veloppement \u00e9conomique et de durabilit\u00e9 des territoires de la Communaut\u00e9 de communes Alb\u00e8res C\u00f4te Vermeille Illib\u00e9ris et du Pays Pyr\u00e9n\u00e9es-M\u00e9diterran\u00e9e.<!-- [et_pb_line_break_holder] -->\n<li>Renforcer les actions de protection et de valorisation de la biodiversit\u00e9, des activit\u00e9s nautiques et du patrimoine maritime men\u00e9es par le Parc naturel marin du golfe du Lion et la R\u00e9serve naturelle marine de Cerb\u00e8re-Banyuls.<!-- [et_pb_line_break_holder] -->\n<li>D\u00e9velopper une croissance bleue favorable \u00e0 la reconnaissance de la r\u00e9gion Occitanie \/ Pyr\u00e9n\u00e9es-M\u00e9diterran\u00e9e comme puissance maritime nationale et europ\u00e9enne, dans le cadre du Plan Littoral 21.<!-- [et_pb_line_break_holder] -->\n<li>R\u00e9pondre aux diff\u00e9rents enjeux d\u00e9finis par le Sch\u00e9ma r\u00e9gional\u00a0de d\u00e9veloppement du\u00a0tourisme\u00a0et des loisirs\u00a0de la R\u00e9gion Occitanie \/ Pyr\u00e9n\u00e9es-M\u00e9diterran\u00e9e.<!-- [et_pb_line_break_holder] -->\n<li>\u00catre un acteur reconnu de la strat\u00e9gie touristique nationale, en structurant ses offres et ses produits touristiques dans le cadre des 5 p\u00f4les d\u2019excellence touristique de la France.<!-- [et_pb_line_break_holder] -->\n<li>Devenir un territoire exemplaire, pilote, dont les actions inscrites dans le cadre de la programmation europ\u00e9enne 2014-2020 sont duplicables et r\u00e9plicables.<!-- [et_pb_line_break_holder] -->\n<li>S\u2019inscrire dans la strat\u00e9gie de la Commission europ\u00e9enne du tourisme c\u00f4tier et maritime pour une \u00e9conomie durable, comp\u00e9titive, intelligente et inclusive.<!-- [et_pb_line_break_holder] --><\/ol>\n<p><!-- [et_pb_line_break_holder] -->Pour r\u00e9ussir son d\u00e9veloppement touristique, la Ville de Banyuls-sur-Mer a choisi d\u2019appliquer les diff\u00e9rents mod\u00e8les des labels europ\u00e9ens Odyssea : \u00ab Destinations bleues d\u2019excellence\u00ae\u00a0\u00bb, \u00ab Odyssea Protect\u00ae\u00a0\u00bb et les produits touristiques \u00ab\u00a0les Routes Bleues\u00ae\u00a0des savoirs et des savoir-faire\u00a0\u00bb\u00a0en mer et \u00e0 terre et \u00ab\u00a0l\u2019itin\u00e9raire nautique du patrimoine culturel maritime\u00ae &#8211;\u00a0les chemins de l\u2019histoire d\u2019Occitanie \/ Pyr\u00e9n\u00e9es-M\u00e9diterran\u00e9e\u00a0\u00bb, pour une croissance verte et bleue, port\u00e9s par l\u2019Union des Villes Portuaires d\u2019Occitanie. Les diff\u00e9rents mod\u00e8les des labels europ\u00e9ens Odyssea s\u2019inscrivent dans les enjeux et les objectifs des politiques touristiques men\u00e9es au niveau du d\u00e9partement des Pyr\u00e9n\u00e9es-Orientales, de la R\u00e9gion Occitanie \/ Pyr\u00e9n\u00e9es-M\u00e9diterran\u00e9e, de l\u2019\u00c9tat &#8211; les 5 p\u00f4les d\u2019excellence touristique &#8211; et de la Commission europ\u00e9enne pour plus de croissance et d\u2019emploi dans le tourisme c\u00f4tier et maritime. Pour exister \u00e0 l\u2019\u00e9chelle r\u00e9gionale, nationale et internationale, la Ville de Banyuls-sur-Mer a d\u00e9cid\u00e9 de se sp\u00e9cialiser afin de faire de Banyuls-sur-Mer une destination unique. Le choix de cette smart specialisation s\u2019est port\u00e9 sur le tourisme scientifique maritime avec l\u2019une des plus belles r\u00e9ussites que la France ait en mati\u00e8re de recherche scientifique et qui est sur le territoire de Banyuls-sur-Mer: l\u2019Observatoire Oc\u00e9anologique de Banyuls-sur-Mer. <!\u2013- [et_pb_br_holder] -\u2013><!\u2013- [et_pb_br_holder] -\u2013><!-- [et_pb_line_break_holder] -->L\u2019objectif de la commune de Banyuls-sur-Mer est de structurer sa commune dans une Strat\u00e9gie de Smart Specialisation de ville-port reconnue et labellis\u00e9e \u00ab\u00a0Destination Bleue d\u2019Excellence\u00a0\u00bb.<!\u2013- [et_pb_br_holder] -\u2013><!-- [et_pb_line_break_holder] -->Afin de r\u00e9ussir sa Smart Specialisation de \u00ab\u00a0ville-port\u00a0\u00bb la Ville de Banyuls-sur-Mer a d\u00e9cid\u00e9 de s\u2019inscrire dans les objectifs ambitieux du Plan littoral 21 en lan\u00e7ant un sch\u00e9ma de d\u00e9veloppement structurants, op\u00e9rationnels et strat\u00e9giques\u00a0autour de 5 p\u00f4les que sont\u00a0:<!-- [et_pb_line_break_holder] --><\/p>\n<ol><!-- [et_pb_line_break_holder] --><\/p>\n<li>La requalification \u00e9coresponsable, touristique et culturelle du port de Banyuls-sur-Mer comme porte d\u2019entr\u00e9e de la destination Banyuls-sur-Mer \/ Communaut\u00e9 de Communes des Alb\u00e8res C\u00f4te-Vermeille Illib\u00e9ris.<!-- [et_pb_line_break_holder] -->\n<li>La cr\u00e9ation du parvis du Biodiversarium avec le cheminement scientifique \u00e0 destination des client\u00e8les touristiques et des \u00e9coles de la r\u00e9gion. <!-- [et_pb_line_break_holder] -->\n<li>L\u2019am\u00e9nagement du front de mer afin de donner une nouvelle force d\u2019attractivit\u00e9 \u00e0 la destination Banyuls-sur-Mer.<!-- [et_pb_line_break_holder] -->\n<li>La r\u00e9alisation de \u00ab\u00a0l\u2019\u00e9co-gare Odyssea Protect\u00ae\u00a0\u00bb dans le cadre d\u2019une \u00e9comobilit\u00e9 touristique innovante, partag\u00e9e et solidaire entre les territoires.<!-- [et_pb_line_break_holder] -->\n<li>Une mise en \u00e9cotourisme de son destination &#8211; itin\u00e9rance culturelle mer et terre &#8211; connectivit\u00e9 des sites touristiques et des entreprises pour une croissance verte et bleue int\u00e9gr\u00e9e, solidaire et partag\u00e9e, r\u00e9pondant aux enjeux et aux objectifs du Sch\u00e9ma r\u00e9gional\u00a0de d\u00e9veloppement du\u00a0tourisme\u00a0et des loisirs\u00a0de la R\u00e9gion Occitanie \/ Pyr\u00e9n\u00e9es-M\u00e9diterran\u00e9e.<!-- [et_pb_line_break_holder] --><\/ol>\n<p>[\/et_pb_code][\/et_pb_column][\/et_pb_row][\/et_pb_section][et_pb_section fb_built=\u00a0\u00bb1&Prime; _builder_version=\u00a0\u00bb3.0.105&Prime; custom_padding=\u00a0\u00bb0px||0px|\u00a0\u00bb global_module=\u00a0\u00bb6362&Prime; global_colors_info=\u00a0\u00bb{}\u00a0\u00bb][et_pb_row _builder_version=\u00a0\u00bb4.16&Prime; background_size=\u00a0\u00bbinitial\u00a0\u00bb background_position=\u00a0\u00bbtop_left\u00a0\u00bb background_repeat=\u00a0\u00bbrepeat\u00a0\u00bb global_colors_info=\u00a0\u00bb{}\u00a0\u00bb][et_pb_column type=\u00a0\u00bb4_4&Prime; _builder_version=\u00a0\u00bb4.16&Prime; custom_padding=\u00a0\u00bb|||\u00a0\u00bb global_colors_info=\u00a0\u00bb{}\u00a0\u00bb custom_padding__hover=\u00a0\u00bb|||\u00a0\u00bb][et_pb_image src=\u00a0\u00bbhttps:\/\/www.odyssea.eu\/projets\/wp-content\/uploads\/2018\/03\/logo-banyuls-1.png\u00a0\u00bb align_tablet=\u00a0\u00bbcenter\u00a0\u00bb align_last_edited=\u00a0\u00bbon|desktop\u00a0\u00bb _builder_version=\u00a0\u00bb4.16&Prime; always_center_on_mobile=\u00a0\u00bbon\u00a0\u00bb global_colors_info=\u00a0\u00bb{}\u00a0\u00bb align_phone=\u00a0\u00bbcenter\u00a0\u00bb][\/et_pb_image][\/et_pb_column][\/et_pb_row][\/et_pb_section]<\/p>\n","protected":false},"excerpt":{"rendered":"","protected":false},"author":2,"featured_media":0,"comment_status":"closed","ping_status":"open","sticky":false,"template":"","format":"standard","meta":{"_et_pb_use_builder":"on","_et_pb_old_content":"","_et_gb_content_width":"","footnotes":""},"categories":[62],"tags":[],"class_list":["post-5305","post","type-post","status-publish","format-standard","hentry","category-projets-europeens-14-20"],"_links":{"self":[{"href":"https:\/\/www.odyssea.eu\/projets\/wp-json\/wp\/v2\/posts\/5305","targetHints":{"allow":["GET"]}}],"collection":[{"href":"https:\/\/www.odyssea.eu\/projets\/wp-json\/wp\/v2\/posts"}],"about":[{"href":"https:\/\/www.odyssea.eu\/projets\/wp-json\/wp\/v2\/types\/post"}],"author":[{"embeddable":true,"href":"https:\/\/www.odyssea.eu\/projets\/wp-json\/wp\/v2\/users\/2"}],"replies":[{"embeddable":true,"href":"https:\/\/www.odyssea.eu\/projets\/wp-json\/wp\/v2\/comments?post=5305"}],"version-history":[{"count":5,"href":"https:\/\/www.odyssea.eu\/projets\/wp-json\/wp\/v2\/posts\/5305\/revisions"}],"predecessor-version":[{"id":221613,"href":"https:\/\/www.odyssea.eu\/projets\/wp-json\/wp\/v2\/posts\/5305\/revisions\/221613"}],"wp:attachment":[{"href":"https:\/\/www.odyssea.eu\/projets\/wp-json\/wp\/v2\/media?parent=5305"}],"wp:term":[{"taxonomy":"category","embeddable":true,"href":"https:\/\/www.odyssea.eu\/projets\/wp-json\/wp\/v2\/categories?post=5305"},{"taxonomy":"post_tag","embeddable":true,"href":"https:\/\/www.odyssea.eu\/projets\/wp-json\/wp\/v2\/tags?post=5305"}],"curies":[{"name":"wp","href":"https:\/\/api.w.org\/{rel}","templated":true}]}}