{"id":5264,"date":"2018-03-16T13:07:00","date_gmt":"2018-03-16T12:07:00","guid":{"rendered":"https:\/\/www.odyssea.eu\/projets\/?p=5264"},"modified":"2022-01-20T22:37:44","modified_gmt":"2022-01-20T21:37:44","slug":"odyssea-sustainable-cultural-blue-routes","status":"publish","type":"post","link":"https:\/\/www.odyssea.eu\/projets\/programmes-europeens\/projets-europeens-14-20\/odyssea-sustainable-cultural-blue-routes\/","title":{"rendered":"Odyssea Antilles Sustainable Nautical and Cultural Blue Routes"},"content":{"rendered":"<p>[et_pb_section fb_built=\u00a0\u00bb1&Prime; fullwidth=\u00a0\u00bbon\u00a0\u00bb _builder_version=\u00a0\u00bb4.6.6&Prime; _module_preset=\u00a0\u00bbdefault\u00a0\u00bb global_module=\u00a0\u00bb9205&Prime; global_colors_info=\u00a0\u00bb{}\u00a0\u00bb disabled_on=\u00a0\u00bbon|on|on\u00a0\u00bb disabled=\u00a0\u00bbon\u00a0\u00bb][et_pb_fullwidth_menu menu_id=\u00a0\u00bb116&Prime; submenu_direction=\u00a0\u00bbdownwards\u00a0\u00bb fullwidth_menu=\u00a0\u00bbon\u00a0\u00bb dropdown_menu_bg_color=\u00a0\u00bb#333333&Prime; module_id=\u00a0\u00bbcaraibesMenu\u00a0\u00bb module_class=\u00a0\u00bbhorizontalMenu\u00a0\u00bb _builder_version=\u00a0\u00bb4.6.6&Prime; background_color=\u00a0\u00bb#333333&Prime; global_colors_info=\u00a0\u00bb{}\u00a0\u00bb][\/et_pb_fullwidth_menu][\/et_pb_section][et_pb_section fb_built=\u00a0\u00bb1&Prime; fullwidth=\u00a0\u00bbon\u00a0\u00bb _builder_version=\u00a0\u00bb4.6.6&Prime; _module_preset=\u00a0\u00bbdefault\u00a0\u00bb global_colors_info=\u00a0\u00bb{}\u00a0\u00bb][et_pb_fullwidth_image src=\u00a0\u00bbhttps:\/\/www.odyssea.eu\/projets\/wp-content\/uploads\/2020\/11\/slider-top-obr.jpg\u00a0\u00bb title_text=\u00a0\u00bbslider-top-obr\u00a0\u00bb _builder_version=\u00a0\u00bb4.6.6&Prime; _module_preset=\u00a0\u00bbdefault\u00a0\u00bb global_colors_info=\u00a0\u00bb{}\u00a0\u00bb][\/et_pb_fullwidth_image][\/et_pb_section][et_pb_section fb_built=\u00a0\u00bb1&Prime; _builder_version=\u00a0\u00bb4.6.6&Prime; background_color=\u00a0\u00bb#f9f9f9&Prime; custom_margin=\u00a0\u00bb||||false|false\u00a0\u00bb custom_padding=\u00a0\u00bb0px||||false|false\u00a0\u00bb global_colors_info=\u00a0\u00bb{}\u00a0\u00bb][et_pb_row _builder_version=\u00a0\u00bb3.25&Prime; custom_margin=\u00a0\u00bb||0px|\u00a0\u00bb custom_padding=\u00a0\u00bb||0px|\u00a0\u00bb global_colors_info=\u00a0\u00bb{}\u00a0\u00bb][et_pb_column type=\u00a0\u00bb4_4&Prime; _builder_version=\u00a0\u00bb3.25&Prime; custom_padding=\u00a0\u00bb|||\u00a0\u00bb global_colors_info=\u00a0\u00bb{}\u00a0\u00bb custom_padding__hover=\u00a0\u00bb|||\u00a0\u00bb][et_pb_post_title meta=\u00a0\u00bboff\u00a0\u00bb featured_image=\u00a0\u00bboff\u00a0\u00bb admin_label=\u00a0\u00bbOdyssea Sustainable Cultural Blue Routes\u00a0\u00bb _builder_version=\u00a0\u00bb4.0.4&Prime; title_text_align=\u00a0\u00bbcenter\u00a0\u00bb global_colors_info=\u00a0\u00bb{}\u00a0\u00bb][\/et_pb_post_title][et_pb_image src=\u00a0\u00bbhttps:\/\/www.odyssea.eu\/projets\/wp-content\/uploads\/2018\/03\/logo-blueroutes-odyssea-01.png\u00a0\u00bb title_text=\u00a0\u00bblogo-blueroutes-odyssea-01&Prime; _builder_version=\u00a0\u00bb4.6.6&Prime; _module_preset=\u00a0\u00bbdefault\u00a0\u00bb max_width=\u00a0\u00bb400px\u00a0\u00bb module_alignment=\u00a0\u00bbcenter\u00a0\u00bb global_colors_info=\u00a0\u00bb{}\u00a0\u00bb][\/et_pb_image][et_pb_text _builder_version=\u00a0\u00bb4.6.6&Prime; text_orientation=\u00a0\u00bbjustified\u00a0\u00bb global_colors_info=\u00a0\u00bb{}\u00a0\u00bb]<\/p>\n<p style=\"text-align: center;\"><strong>Axe 5 : Prot\u00e9ger et valoriser l\u2019environnement naturel et culturel dans la Cara\u00efbe<\/strong><\/p>\n<p style=\"text-align: center;\"><strong>\u00a0<\/strong><strong>OS 4\u00a0:<\/strong> <strong>Accro\u00eetre l\u2019attractivit\u00e9 touristique du territoire de coop\u00e9ration au travers de la mise en valeur conjointe de son patrimoine naturel et culturel<\/strong><\/p>\n<h3><span style=\"color: #1c5fa6;\">LE PROGRAMME INTERREG CARA\u00cfBES<\/span><\/h3>\n<p><strong>Un programme europ\u00e9en pour favoriser la coop\u00e9ration dans la Cara\u00efbe.<\/strong><\/p>\n<p>Depuis 27 ans, les programmes INTERREG visent \u00e0 renforcer la coop\u00e9ration entre des partenaires institutionnels et des porteurs de projet de part et d\u2019autre d\u2019une fronti\u00e8re commune ou au sein d\u2019un espace g\u00e9ographique commun en Europe. Pour la p\u00e9riode 2014-2020, ces programmes de coop\u00e9ration territoriale europ\u00e9enne sont au nombre de 107.<\/p>\n<p>INTERREG Cara\u00efbes, qui existe depuis 2000, est un programme de coop\u00e9ration particulier : il vise \u00e0 renforcer la coop\u00e9ration entre des territoires europ\u00e9ens (la Guadeloupe, la Guyane, la Martinique et Saint-Martin) et des territoires et Etats carib\u00e9ens (plus de 40).<\/p>\n<p><strong>Un programme pour renforcer l\u2019int\u00e9gration des territoires fran\u00e7ais d\u2019Outre-Mer dans leur espace r\u00e9gional.<\/strong><span style=\"font-size: 14px;\"><\/span><\/p>\n<p><a href=\"https:\/\/www.interreg-caraibes.fr\/\" target=\"_blank\" rel=\"noopener noreferrer\"><\/a><\/p>\n<p>[\/et_pb_text][et_pb_cta button_url=\u00a0\u00bbhttps:\/\/www.odyssea.eu\/projets\/programmes-europeens\/projets-europeens-14-20\/odyssea-sustainable-cultural-blue-routes\/le-programme-interreg-caraibe-obr\/\u00a0\u00bb button_text=\u00a0\u00bbEn savoir plus sur le Programme Interreg Cara\u00efbes\u00a0\u00bb _builder_version=\u00a0\u00bb4.6.6&Prime; _module_preset=\u00a0\u00bbdefault\u00a0\u00bb use_background_color=\u00a0\u00bboff\u00a0\u00bb global_colors_info=\u00a0\u00bb{}\u00a0\u00bb][\/et_pb_cta][\/et_pb_column][\/et_pb_row][\/et_pb_section][et_pb_section fb_built=\u00a0\u00bb1&Prime; fullwidth=\u00a0\u00bbon\u00a0\u00bb _builder_version=\u00a0\u00bb4.6.6&Prime; _module_preset=\u00a0\u00bbdefault\u00a0\u00bb global_colors_info=\u00a0\u00bb{}\u00a0\u00bb][et_pb_fullwidth_code _builder_version=\u00a0\u00bb4.6.6&Prime; _module_preset=\u00a0\u00bbdefault\u00a0\u00bb background_image=\u00a0\u00bbhttps:\/\/www.odyssea.eu\/projets\/wp-content\/uploads\/2018\/03\/CAESM.jpeg.jpg\u00a0\u00bb global_colors_info=\u00a0\u00bb{}\u00a0\u00bb]<\/p>\n<div style=\"min-height: 600px\"><!-- [et_pb_line_break_holder] -->  <!-- [et_pb_line_break_holder] --><\/div>\n<p>[\/et_pb_fullwidth_code][\/et_pb_section][et_pb_section fb_built=\u00a0\u00bb1&Prime; _builder_version=\u00a0\u00bb4.6.6&Prime; custom_margin=\u00a0\u00bb||0px|\u00a0\u00bb custom_padding=\u00a0\u00bb||||false|false\u00a0\u00bb global_colors_info=\u00a0\u00bb{}\u00a0\u00bb][et_pb_row _builder_version=\u00a0\u00bb4.6.6&Prime; _module_preset=\u00a0\u00bbdefault\u00a0\u00bb global_colors_info=\u00a0\u00bb{}\u00a0\u00bb][et_pb_column type=\u00a0\u00bb4_4&Prime; _builder_version=\u00a0\u00bb4.6.6&Prime; _module_preset=\u00a0\u00bbdefault\u00a0\u00bb global_colors_info=\u00a0\u00bb{}\u00a0\u00bb][et_pb_text _builder_version=\u00a0\u00bb4.6.6&Prime; text_orientation=\u00a0\u00bbjustified\u00a0\u00bb custom_padding=\u00a0\u00bb||0px|||\u00a0\u00bb global_colors_info=\u00a0\u00bb{}\u00a0\u00bb]<\/p>\n<h3><span style=\"color: #1c5fa6;\">LE PROJET ODYSSEA ANTILLES SUSTAINABLE NAUTICAL AND CULTURAL BLUE ROUTES<\/span><\/h3>\n<p>La coop\u00e9ration transfrontali\u00e8re \u00ab\u00a0Odyssea Sustainable Cultural Blue Routes\u00a0\u00bb fait suite \u00e0 la signature de l\u2019accord-cadre Odyssea Croissance et Tourisme bleu (annexe), en avril 2016, au Marin (Martinique), en pr\u00e9sence de M. Matthias Fekl, secr\u00e9taire d\u2019Etat charg\u00e9 du Commerce ext\u00e9rieur, de la Promotion du tourisme et des Fran\u00e7ais de l\u2019\u00e9tranger, et avec le soutien de Mme George Pau-Langevin, ministre des Outre-Mer.<\/p>\n<p>L\u2019objectif est ambitieux\u00a0: faire reconna\u00eetre la r\u00e9gion comme \u00ab\u00a0Destination Bleue d\u2019Excellence\u00a0\u00bb dans les Antilles.<\/p>\n<p>Le d\u00e9fi commun est la mise en \u00e9cotourisme exemplaire des Routes Bleues Mythiques des Cara\u00efbes au sein du bassin de navigation transfrontalier des Antilles. Un itin\u00e9raire Mer et Terre de valorisation du patrimoine naturel et culturel qui invite \u00e0 faire escale dans les villes-ports et entreprises de la croissance bleue (nautisme, plaisance, croisi\u00e8re, pescatourisme\u2026). Un objectif de meilleure attractivit\u00e9 rendu possible gr\u00e2ce au pr\u00e9sent projet de valorisation innovante et raisonn\u00e9e des escales Nature, Culture et Patrimoine, Saveurs et Savoir-faire, Art de vivre, Sant\u00e9 et Bien-\u00eatre. Le projet vise \u00e0 contribuer \u00e0 la prise de conscience de la haute comp\u00e9titivit\u00e9 de l\u2019industrie touristique et de la n\u00e9cessit\u00e9 de mener des strat\u00e9gies plus responsables, plus \u00e9cologiques (AEC MRCZTDC). Il a pour objectif de valoriser et prot\u00e9ger une biodiversit\u00e9, un patrimoine naturel et culturel tr\u00e8s riche, parfois menac\u00e9 alors m\u00eame qu\u2019il est le vecteur principal d\u2019attractivit\u00e9. Le d\u00e9fi est d\u2019assurer son succ\u00e8s \u00e0 long terme, dans une rigueur de tourisme durable (normes, crit\u00e8res de marques et labels en faveur de l\u2019environnement).<\/p>\n<p>Les partenaires ont mis en lumi\u00e8re le fait qu\u2019il est indispensable de renforcer les r\u00e9seaux de coop\u00e9ration \u00e0 l\u2019\u00e9chelle transfrontali\u00e8re, qui est pertinente en termes de navigation. De construire cette nouvelle strat\u00e9gie de tourisme bleu durable, pour mieux r\u00e9pondre aux attentes des client\u00e8les, dans une logique plus territoriale, plus \u00e9thique, solidaire, \u00e9quitable pour mieux partager les revenus engendr\u00e9s par l\u2019\u00e9conomie touristique directe et indirecte. Le partenariat est tr\u00e8s compl\u00e9mentaire, les activit\u00e9s ont \u00e9t\u00e9 d\u00e9finies selon les comp\u00e9tences de chacun. Il int\u00e8gre la Communaut\u00e9 d\u2019Agglom\u00e9ration de l\u2019Espace Sud Martinique, le Comit\u00e9 Martiniquais du Tourisme, Martinique D\u00e9veloppement, la Ville de Gourbeyre (Guadeloupe), le Minist\u00e8re du Tourisme, de l\u2019Information et de la Radiodiffusion de Sainte-Lucie, l\u2019Organisation des \u00c9tats de la Cara\u00efbe Orientale.<\/p>\n<p>Les partenaires b\u00e9n\u00e9ficiaires ont partag\u00e9 l\u2019analyse AFOM (Forces et faiblesses) et ont \u00e9tudi\u00e9 les solutions communes \u00e0 engager pour accro\u00eetre l\u2019attractivit\u00e9 touristique du territoire de coop\u00e9ration au travers de la mise en valeur conjointe de son patrimoine naturel et culturel.<\/p>\n<p>Ainsi le partenariat s\u2019engage sur le respect du cahier des charges du mod\u00e8le des itin\u00e9raires culturels Odyssea, dans l\u2019\u00e9thique et les chartes du Conseil de l\u2019Europe et de l\u2019UNESCO. Des crit\u00e8res, des m\u00e9thodes, une gouvernance, des m\u00e9diations num\u00e9riques, des am\u00e9nagements innovants\u2026 qui vont garantir l\u2019excellence des livrables.<\/p>\n<p>L\u2019ambition des partenaires est ainsi de d\u00e9velopper plusieurs enjeux strat\u00e9giques, autour d\u2019une \u00ab Strat\u00e9gie de Smart Specialisation de Croissance bleue et verte \u00bb, en synergie avec d\u2019autres segments \u00e9cotouristiques pertinents tels que les h\u00e9bergements \u00ab\u00a0verts\u00a0\u00bb, le tourisme gastronomique, de nature, culturel, le tourisme des savoir-faire (Rhum, p\u00eache, artisanat\u2026), du bien-\u00eatre et du slow tourisme avec des innovations concernant l\u2019\u00e9comobilit\u00e9.<\/p>\n<p>[\/et_pb_text][et_pb_cta button_url=\u00a0\u00bbhttps:\/\/www.odyssea.eu\/projets\/programmes-europeens\/projets-europeens-14-20\/odyssea-sustainable-cultural-blue-routes\/le-projet-odyssea-blue-routes\/\u00a0\u00bb button_text=\u00a0\u00bbEn savoir plus sur le projet\u00a0\u00bb _builder_version=\u00a0\u00bb4.6.6&Prime; _module_preset=\u00a0\u00bbdefault\u00a0\u00bb use_background_color=\u00a0\u00bboff\u00a0\u00bb global_colors_info=\u00a0\u00bb{}\u00a0\u00bb][\/et_pb_cta][et_pb_video src=\u00a0\u00bbhttps:\/\/www.youtube.com\/watch?v=4f&#8211;qTzx3l4&Prime; _builder_version=\u00a0\u00bb4.6.6&Prime; _module_preset=\u00a0\u00bbdefault\u00a0\u00bb max_width=\u00a0\u00bb800px\u00a0\u00bb module_alignment=\u00a0\u00bbcenter\u00a0\u00bb global_colors_info=\u00a0\u00bb{}\u00a0\u00bb][\/et_pb_video][\/et_pb_column][\/et_pb_row][\/et_pb_section][et_pb_section fb_built=\u00a0\u00bb1&Prime; _builder_version=\u00a0\u00bb4.6.6&Prime; background_color=\u00a0\u00bb#F9F9F9&Prime; custom_margin=\u00a0\u00bb||0px|\u00a0\u00bb custom_padding=\u00a0\u00bb||||false|false\u00a0\u00bb global_colors_info=\u00a0\u00bb{}\u00a0\u00bb][et_pb_row _builder_version=\u00a0\u00bb4.0.4&Prime; global_colors_info=\u00a0\u00bb{}\u00a0\u00bb][et_pb_column type=\u00a0\u00bb4_4&Prime; _builder_version=\u00a0\u00bb4.0.4&Prime; global_colors_info=\u00a0\u00bb{}\u00a0\u00bb][et_pb_text _builder_version=\u00a0\u00bb4.9.2&Prime; global_colors_info=\u00a0\u00bb{}\u00a0\u00bb]<\/p>\n<h3><span style=\"color: #1c5fa6;\">LES PARTENAIRES DU PROJET<\/span><\/h3>\n<p><b>Chef de file du projet :<br \/><\/b>&#8211; Communaut\u00e9 d\u2019Agglom\u00e9ration de l\u2019Espace Sud Martinique (CAESM)<\/p>\n<p><b>Partenaires Communautaires :<br \/><\/b>&#8211; Comit\u00e9 Martiniquais du Tourisme (CMT)<br \/>&#8211; Martinique D\u00e9veloppement (MD)<br \/>&#8211; La Ville de Gourbeyre (Guadeloupe)<\/p>\n<p><b>Partenaires Extra-Communautaires :<br \/><\/b>&#8211; L\u2019Organisation des \u00c9tats de la Cara\u00efbe Orientale<br \/>&#8211; Le Minist\u00e8re du Tourisme, de l\u2019Information et de la Radiodiffusion de Sainte-Lucie<\/p>\n<p><b>Partenaires Associ\u00e9s :<br \/><\/b>&#8211; Collectivit\u00e9 Territoriale de Martinique<br \/>&#8211; Minist\u00e8re de l\u2019Europe et des Affaires \u00c9trang\u00e8res (MEAE) &#8211; P\u00f4le Tourisme<\/p>\n<p>[\/et_pb_text][\/et_pb_column][\/et_pb_row][\/et_pb_section][et_pb_section fb_built=\u00a0\u00bb1&Prime; fullwidth=\u00a0\u00bbon\u00a0\u00bb _builder_version=\u00a0\u00bb4.6.6&Prime; _module_preset=\u00a0\u00bbdefault\u00a0\u00bb global_module=\u00a0\u00bb9281&Prime; saved_tabs=\u00a0\u00bball\u00a0\u00bb global_colors_info=\u00a0\u00bb{}\u00a0\u00bb][et_pb_fullwidth_image src=\u00a0\u00bbhttps:\/\/www.odyssea.eu\/projets\/wp-content\/uploads\/2021\/10\/bande-OBR-ligne.jpg\u00a0\u00bb title_text=\u00a0\u00bbbande-OBR-ligne\u00a0\u00bb _builder_version=\u00a0\u00bb4.10.3&Prime; _module_preset=\u00a0\u00bbdefault\u00a0\u00bb width=\u00a0\u00bb90%\u00a0\u00bb module_alignment=\u00a0\u00bbcenter\u00a0\u00bb custom_padding=\u00a0\u00bb42px|||||\u00a0\u00bb global_colors_info=\u00a0\u00bb{}\u00a0\u00bb][\/et_pb_fullwidth_image][\/et_pb_section]<\/p>\n","protected":false},"excerpt":{"rendered":"<p>Axe 5 : Prot\u00e9ger et valoriser l\u2019environnement naturel et culturel dans la Cara\u00efbe \u00a0OS 4\u00a0: Accro\u00eetre l\u2019attractivit\u00e9 touristique du territoire de coop\u00e9ration au travers de la mise en valeur conjointe de son patrimoine naturel et culturel LE PROGRAMME INTERREG CARA\u00cfBES Un programme europ\u00e9en pour favoriser la coop\u00e9ration dans la Cara\u00efbe. Depuis 27 ans, les programmes [&hellip;]<\/p>\n","protected":false},"author":2,"featured_media":0,"comment_status":"closed","ping_status":"closed","sticky":false,"template":"","format":"standard","meta":{"_et_pb_use_builder":"on","_et_pb_old_content":"","_et_gb_content_width":"","footnotes":""},"categories":[62],"tags":[],"class_list":["post-5264","post","type-post","status-publish","format-standard","hentry","category-projets-europeens-14-20"],"_links":{"self":[{"href":"https:\/\/www.odyssea.eu\/projets\/wp-json\/wp\/v2\/posts\/5264","targetHints":{"allow":["GET"]}}],"collection":[{"href":"https:\/\/www.odyssea.eu\/projets\/wp-json\/wp\/v2\/posts"}],"about":[{"href":"https:\/\/www.odyssea.eu\/projets\/wp-json\/wp\/v2\/types\/post"}],"author":[{"embeddable":true,"href":"https:\/\/www.odyssea.eu\/projets\/wp-json\/wp\/v2\/users\/2"}],"replies":[{"embeddable":true,"href":"https:\/\/www.odyssea.eu\/projets\/wp-json\/wp\/v2\/comments?post=5264"}],"version-history":[{"count":10,"href":"https:\/\/www.odyssea.eu\/projets\/wp-json\/wp\/v2\/posts\/5264\/revisions"}],"predecessor-version":[{"id":131264,"href":"https:\/\/www.odyssea.eu\/projets\/wp-json\/wp\/v2\/posts\/5264\/revisions\/131264"}],"wp:attachment":[{"href":"https:\/\/www.odyssea.eu\/projets\/wp-json\/wp\/v2\/media?parent=5264"}],"wp:term":[{"taxonomy":"category","embeddable":true,"href":"https:\/\/www.odyssea.eu\/projets\/wp-json\/wp\/v2\/categories?post=5264"},{"taxonomy":"post_tag","embeddable":true,"href":"https:\/\/www.odyssea.eu\/projets\/wp-json\/wp\/v2\/tags?post=5264"}],"curies":[{"name":"wp","href":"https:\/\/api.w.org\/{rel}","templated":true}]}}