{"id":5182,"date":"2018-03-06T16:00:27","date_gmt":"2018-03-06T15:00:27","guid":{"rendered":"https:\/\/www.odyssea.eu\/projets\/?p=5182"},"modified":"2018-03-22T14:59:59","modified_gmt":"2018-03-22T13:59:59","slug":"communaute-de-communes-sud-roussillon","status":"publish","type":"post","link":"https:\/\/www.odyssea.eu\/projets\/programmes-europeens\/projets-europeens-07-13\/sudoe2\/les-regions\/languedoc-roussillon\/communaute-de-communes-sud-roussillon\/","title":{"rendered":"Communaut\u00e9 de communes Sud Roussillon"},"content":{"rendered":"<p>[et_pb_section bb_built=\u00a0\u00bb1&Prime; fullwidth=\u00a0\u00bbon\u00a0\u00bb specialty=\u00a0\u00bboff\u00a0\u00bb _builder_version=\u00a0\u00bb3.0.76&Prime; next_background_color=\u00a0\u00bb#000000&Prime; global_module=\u00a0\u00bb4304&Prime;][et_pb_fullwidth_menu admin_label=\u00a0\u00bbMenu SUDOE2&Prime; global_parent=\u00a0\u00bb4304&Prime; _builder_version=\u00a0\u00bb3.0.105&Prime; menu_id=\u00a0\u00bb78&Prime; background_layout=\u00a0\u00bblight\u00a0\u00bb submenu_direction=\u00a0\u00bbdownwards\u00a0\u00bb fullwidth_menu=\u00a0\u00bboff\u00a0\u00bb module_class=\u00a0\u00bbhorizontalMenu\u00a0\u00bb \/][\/et_pb_section][et_pb_section bb_built=\u00a0\u00bb1&Prime; fullwidth=\u00a0\u00bboff\u00a0\u00bb specialty=\u00a0\u00bboff\u00a0\u00bb prev_background_color=\u00a0\u00bb#000000&Prime;][et_pb_row][et_pb_column type=\u00a0\u00bb1_4&Prime;][et_pb_image admin_label=\u00a0\u00bbLogos &#8211; SUDOE2&Prime; _builder_version=\u00a0\u00bb3.0.105&Prime; show_in_lightbox=\u00a0\u00bboff\u00a0\u00bb url_new_window=\u00a0\u00bboff\u00a0\u00bb src=\u00a0\u00bbhttps:\/\/www.odyssea.eu\/projets\/wp-content\/uploads\/2018\/03\/logo-odyssea-sudoe2.jpg\u00a0\u00bb always_center_on_mobile=\u00a0\u00bbon\u00a0\u00bb use_overlay=\u00a0\u00bboff\u00a0\u00bb force_fullwidth=\u00a0\u00bboff\u00a0\u00bb show_bottom_space=\u00a0\u00bbon\u00a0\u00bb saved_tabs=\u00a0\u00bball\u00a0\u00bb global_module=\u00a0\u00bb5634&Prime; \/][\/et_pb_column][et_pb_column type=\u00a0\u00bb3_4&Prime;][et_pb_code _builder_version=\u00a0\u00bb3.0.105&Prime;]&lt;h2 class=&quot;entry-title&quot;&gt;Communaut\u00e9 de communes Sud Roussillon&lt;\/h2&gt;&lt;!&#8211; [et_pb_line_break_holder] &#8211;&gt;&lt;p&gt;&lt;!&#8211; [et_pb_line_break_holder] &#8211;&gt;&lt;a href=&quot;http:\/\/www.odyssea.eu\/geodyssea\/map.php?townID=192&amp;amp;catID=40,620,630&amp;amp;zoom=11&amp;amp;noBackButton=yes&amp;amp;tg=yes&quot; target=&quot;_blank&quot;&gt;&lt;!&#8211; [et_pb_line_break_holder] &#8211;&gt;  &lt;img class=&quot;floatRight&quot; style=&quot;margin: 10px 0 0 20px; border: 0px; width:300px;&quot; src=&quot;https:\/\/www.odyssea.eu\/projets\/doc\/SUDOE2\/maps\/saint-cyprien.jpg&quot; alt=&quot;Carte&quot; title=&quot;Carte&quot;&gt;&lt;!&#8211; [et_pb_line_break_holder] &#8211;&gt;&lt;\/a&gt;&lt;!&#8211; [et_pb_line_break_holder] &#8211;&gt;&lt;\/p&gt;&lt;!&#8211; [et_pb_line_break_holder] &#8211;&gt;&lt;p&gt;&lt;!&#8211; [et_pb_line_break_holder] &#8211;&gt;La Communaut\u00e9 de communes Sud Roussillon est une structure intercommunale fran\u00e7aise, situ\u00e9e dans le d\u00e9partement des Pyr\u00e9n\u00e9es-Orientales et la r\u00e9gion Languedoc-Roussillon.&lt;!&#8211; [et_pb_line_break_holder] &#8211;&gt;&lt;br&gt;&lt;br&gt;&lt;!&#8211; [et_pb_line_break_holder] &#8211;&gt;Elle est fond\u00e9e sous le nom de communaut\u00e9 du SCYLAS (pour Saint-Cyprien, Latour-Bas-Elne, Al\u00e9nya, Saleilles), par arr\u00eat\u00e9 du pr\u00e9fet des Pyr\u00e9n\u00e9es-Orientales dat\u00e9 du 15 d\u00e9cembre 1992, \u00e0 compter du 31 d\u00e9cembre 1992. Elle fait suite \u00e0 un syndicat \u00e0 vocation unique g\u00e9rant l&#x27;eau et l&#x27;assainissement (1982-1990), et \u00e0 un syndicat intercommunal \u00e0 vocation multiple g\u00e9rant en plus de l&#x27;eau et de l&#x27;assainissement l&#x27;\u00e9clairage public (1990-1992), structures homonymes. En 1995, la Communaut\u00e9 du SCYLAS est rebaptis\u00e9e Communaut\u00e9 de communes Sud Roussillon.&lt;!&#8211; [et_pb_line_break_holder] &#8211;&gt;&lt;br&gt;&lt;br&gt;&lt;!&#8211; [et_pb_line_break_holder] &#8211;&gt;Au commencement, la communaut\u00e9 de communes \u00e9tait compos\u00e9e des communes suivantes : Al\u00e9nya, Latour-Bas-Elne, Saint-Cyprien, Saleilles. Cette derni\u00e8re a quitt\u00e9 la communaut\u00e9 de communes au 1er janvier 2007 pour \u00eatre int\u00e9gr\u00e9e \u00e0 la Communaut\u00e9 d&#x27;agglom\u00e9ration Perpignan M\u00e9diterran\u00e9e. Au 1er janvier 2013, trois nouvelles communes ont adh\u00e9r\u00e9 \u00e0 la communaut\u00e9 : Montescot, Corneilla-del-Vercol, Th\u00e9za.&lt;!&#8211; [et_pb_line_break_holder] &#8211;&gt;&lt;br&gt;&lt;br&gt;&lt;!&#8211; [et_pb_line_break_holder] &#8211;&gt;Amarrez aux portes de la M\u00e9diterran\u00e9e o\u00f9 mer et montagne s&#x27;unissent dans une d\u00e9bauche de couleurs et de lumi\u00e8re dans un environnement prot\u00e9g\u00e9. Immergez-vous dans la culture m\u00e9diterran\u00e9enne, plongez le temps d&#x27;une escale \u00ab soleil \u00bb dans un monde o\u00f9 gastronomie et loisirs riment avec plaisir.&lt;br&gt;&lt;br&gt;&lt;!&#8211; [et_pb_line_break_holder] &#8211;&gt;Troisi\u00e8me port de plaisance europ\u00e9en, Saint-Cyprien est gr\u00e2ce \u00e0 ses installations de qualit\u00e9 le lieu r\u00eav\u00e9 pour r\u00e9ussir des vacances dans un environnement prot\u00e9g\u00e9 et convivial. &lt;!&#8211; [et_pb_line_break_holder] &#8211;&gt;&lt;\/p&gt;&lt;!&#8211; [et_pb_line_break_holder] &#8211;&gt;&lt;div style=&quot;margin: 2em; text-align: center; clear: both;&quot;&gt;&lt;!&#8211; [et_pb_line_break_holder] &#8211;&gt;  &lt;img src=&quot;http:\/\/odyssea.eu\/geodyssea\/common-developments\/villes\/saint-cyprien\/360-iframeaerien1.jpg&quot; style=&quot;margin-right: 4em; height:150px&quot;&gt;&lt;!&#8211; [et_pb_line_break_holder] &#8211;&gt;&lt;\/div&gt;&lt;!&#8211; [et_pb_line_break_holder] &#8211;&gt;&lt;p&gt;R\u00e9put\u00e9 pour son golf international de 27 trous, Saint-Cyprien accueille r\u00e9guli\u00e8rement des \u00e9quipes sportives fran\u00e7aises de haut niveau en stages de pr\u00e9paration \u00e0 Grand Stade les Capellans, complexe sportif ax\u00e9 sur le tennis et la remise en forme. Voile, \u00e9quitation, sports de glisse, plong\u00e9e sous-marine, jet ski, randonn\u00e9es p\u00e9destres\u2026 de quoi satisfaire les sportifs les plus exigeants. C\u00f4t\u00e9 enfant, Saint-Cyprien est labellis\u00e9 Famille plus et propose aux familles, tout au long des vacances scolaires des stages sportifs, cr\u00e9atifs ou ludiques, sans oublier les activit\u00e9s \u00e0 partager en famille comme le mini-golf, le parc aquatique et les promenades \u00e0 faire en mer ou \u00e0 pied et en v\u00e9lo sur les 22,5 km de chemins s\u00e9curis\u00e9s.&lt;!&#8211; [et_pb_line_break_holder] &#8211;&gt;Ses riches espaces verts et bois\u00e9s, ses 6 km de plage de sable fin, sa situation exceptionnelle entre l&#x27;Espagne et l&#x27;Andorre offrent le meilleur de la vie m\u00e9diterran\u00e9enne au pied des Pyr\u00e9n\u00e9es. Gastronomie, douceur de vivre, culture, sport et d\u00e9tente, Saint-Cyprien, c&#x27;est tout un art de vivre partag\u00e9 tout au long de l&#x27;ann\u00e9e. &lt;!&#8211; [et_pb_line_break_holder] &#8211;&gt;&lt;\/p&gt;&lt;!&#8211; [et_pb_line_break_holder] &#8211;&gt;&lt;div style=&quot;margin: 2em; text-align: center; clear: both;&quot;&gt;&lt;!&#8211; [et_pb_line_break_holder] &#8211;&gt;  &lt;img src=&quot;https:\/\/www.odyssea.eu\/projets\/doc\/SUDOE2\/saint-cyprien-golf.jpg&quot; style=&quot;margin-right: 4em; height:150px;&quot;&gt;&lt;!&#8211; [et_pb_line_break_holder] &#8211;&gt;&lt;\/div&gt;&lt;!&#8211; [et_pb_line_break_holder] &#8211;&gt;&lt;p&gt;Office de Tourisme &#8211; Quai Arthur Rimbaud: +33(0)4 68 21 01 33&lt;br&gt;&lt;!&#8211; [et_pb_line_break_holder] &#8211;&gt;http:\/\/www.tourisme-saint-cyprien.com&lt;br&gt;&lt;!&#8211; [et_pb_line_break_holder] &#8211;&gt;&lt;!&#8211; [et_pb_line_break_holder] &#8211;&gt; &lt;script language=&quot;JavaScript&quot; type=&quot;text\/javascript&quot;&gt;&lt;!&#8211; [et_pb_line_break_holder] &#8211;&gt; &lt;!&#8211;&lt;!&#8211; [et_pb_line_break_holder] &#8211;&gt; var prefix = &#x27;m&amp;#97;&amp;#105;lt&amp;#111;:&#x27;;&lt;!&#8211; [et_pb_line_break_holder] &#8211;&gt; var suffix = &#x27;&#x27;;&lt;!&#8211; [et_pb_line_break_holder] &#8211;&gt; var attribs = &#x27;&#x27;;&lt;!&#8211; [et_pb_line_break_holder] &#8211;&gt; var path = &#x27;hr&#x27; + &#x27;ef&#x27; + &#x27;=&#x27;;&lt;!&#8211; [et_pb_line_break_holder] &#8211;&gt; var addy63017 = &#x27;c&amp;#111;nt&amp;#97;ct&#x27; + &#x27;&amp;#64;&#x27;;&lt;!&#8211; [et_pb_line_break_holder] &#8211;&gt; addy63017 = addy63017 + &#x27;&amp;#111;tstcyp&#x27; + &#x27;&amp;#46;&#x27; + &#x27;c&amp;#111;m&#x27;;&lt;!&#8211; [et_pb_line_break_holder] &#8211;&gt; document.write( &#x27;&lt;a &#x27; + path + &#x27;\\&#x27;&#x27; + prefix + addy63017 + suffix + &#x27;\\&#x27;&#x27; + attribs + &#x27;&gt;&#x27; );&lt;!&#8211; [et_pb_line_break_holder] &#8211;&gt; document.write( addy63017 );&lt;!&#8211; [et_pb_line_break_holder] &#8211;&gt; document.write( &#x27;&lt;\\\/a&gt;&#x27; );&lt;!&#8211; [et_pb_line_break_holder] &#8211;&gt; \/\/&#8211;&gt;&lt;!&#8211; [et_pb_line_break_holder] &#8211;&gt; &lt;\/script&gt;&lt;a href=&quot;mailto:contact@otstcyp.com&quot;&gt;contact@otstcyp.com&lt;\/a&gt;&lt;script language=&quot;JavaScript&quot; type=&quot;text\/javascript&quot;&gt;&lt;!&#8211; [et_pb_line_break_holder] &#8211;&gt; &lt;!&#8211;&lt;!&#8211; [et_pb_line_break_holder] &#8211;&gt; document.write( &#x27;&lt;span style=\\&#x27;display: none;\\&#x27;&gt;&#x27; );&lt;!&#8211; [et_pb_line_break_holder] &#8211;&gt; \/\/&#8211;&gt;&lt;!&#8211; [et_pb_line_break_holder] &#8211;&gt; &lt;\/script&gt;&lt;span style=&quot;display: none;&quot;&gt;Cette adresse email est prot\u00e9g\u00e9e contre les robots des spammeurs, vous devez activer Javascript pour la voir.&lt;!&#8211; [et_pb_line_break_holder] &#8211;&gt; &lt;script language=&quot;JavaScript&quot; type=&quot;text\/javascript&quot;&gt;&lt;!&#8211; [et_pb_line_break_holder] &#8211;&gt; &lt;!&#8211;&lt;!&#8211; [et_pb_line_break_holder] &#8211;&gt; document.write( &#x27;&lt;\/&#x27; );&lt;!&#8211; [et_pb_line_break_holder] &#8211;&gt; document.write( &#x27;span&gt;&#x27; );&lt;!&#8211; [et_pb_line_break_holder] &#8211;&gt; \/\/&#8211;&gt;&lt;!&#8211; [et_pb_line_break_holder] &#8211;&gt; &lt;\/script&gt;&lt;\/span&gt;&lt;!&#8211; [et_pb_line_break_holder] &#8211;&gt;&lt;\/p&gt;&lt;!&#8211; [et_pb_line_break_holder] &#8211;&gt;&lt;p&gt;&lt;!&#8211; [et_pb_line_break_holder] &#8211;&gt;&lt;a href=&quot;http:\/\/www.odyssea.eu\/geodyssea\/print_data.php?townID=193,192,197,5732,5733,5734&quot; target=&quot;_blank&quot;&gt;Inventaire culturel Communaut\u00e9 de communes Sud Roussillon&lt;\/a&gt;&lt;!&#8211; [et_pb_line_break_holder] &#8211;&gt;&lt;br&gt;&lt;br&gt;&lt;!&#8211; [et_pb_line_break_holder] &#8211;&gt;&lt;a href=&quot;http:\/\/www.odyssea.eu\/geodyssea\/print_data.php?townID=199,656,657,658,659,660,661,198,330,655,2,5735,5736,5737,5738,5739,5740,5741,5742,5743,5744,5745,5746,5747,5748,5749,5750,5751,5752,5753,321&quot; target=&quot;_blank&quot;&gt;Inventaire culturel autour de la Communaut\u00e9 de communes Sud Roussillon&lt;\/a&gt;&lt;!&#8211; [et_pb_line_break_holder] &#8211;&gt;&lt;\/p&gt;[\/et_pb_code][\/et_pb_column][\/et_pb_row][\/et_pb_section]<\/p>\n","protected":false},"excerpt":{"rendered":"<p><div class=\"et_pb_row et_pb_row_0 et_pb_row_empty\">\n\t\t\t\t\n\t\t\t\t\n\t\t\t\t\n\t\t\t\t\n\t\t\t\t\n\t\t\t<\/div>&lt;h2 class=&quot;entry-title&quot;&gt;Communaut\u00e9 de communes Sud Roussillon&lt;\/h2&gt;&lt;!&#8211; [et_pb_line_break_holder] &#8211;&gt;&lt;p&gt;&lt;!&#8211; [et_pb_line_break_holder] &#8211;&gt;&lt;a href=&quot;http:\/\/www.odyssea.eu\/geodyssea\/map.php?townID=192&amp;amp;catID=40,620,630&amp;amp;zoom=11&amp;amp;noBackButton=yes&amp;amp;tg=yes&quot; target=&quot;_blank&quot;&gt;&lt;!&#8211; [et_pb_line_break_holder] &#8211;&gt; &lt;img class=&quot;floatRight&quot; style=&quot;margin: 10px 0 0 20px; border: 0px; width:300px;&quot; src=&quot;https:\/\/www.odyssea.eu\/projets\/doc\/SUDOE2\/maps\/saint-cyprien.jpg&quot; alt=&quot;Carte&quot; title=&quot;Carte&quot;&gt;&lt;!&#8211; [et_pb_line_break_holder] &#8211;&gt;&lt;\/a&gt;&lt;!&#8211; [et_pb_line_break_holder] &#8211;&gt;&lt;\/p&gt;&lt;!&#8211; [et_pb_line_break_holder] &#8211;&gt;&lt;p&gt;&lt;!&#8211; [et_pb_line_break_holder] &#8211;&gt;La Communaut\u00e9 de communes Sud Roussillon est une structure intercommunale fran\u00e7aise, situ\u00e9e dans le d\u00e9partement des Pyr\u00e9n\u00e9es-Orientales et la r\u00e9gion Languedoc-Roussillon.&lt;!&#8211; [&hellip;]<\/p>\n","protected":false},"author":2,"featured_media":0,"comment_status":"closed","ping_status":"open","sticky":false,"template":"","format":"standard","meta":{"_et_pb_use_builder":"on","_et_pb_old_content":"","_et_gb_content_width":"","footnotes":""},"categories":[84],"tags":[],"class_list":["post-5182","post","type-post","status-publish","format-standard","hentry","category-languedoc-roussillon"],"_links":{"self":[{"href":"https:\/\/www.odyssea.eu\/projets\/wp-json\/wp\/v2\/posts\/5182","targetHints":{"allow":["GET"]}}],"collection":[{"href":"https:\/\/www.odyssea.eu\/projets\/wp-json\/wp\/v2\/posts"}],"about":[{"href":"https:\/\/www.odyssea.eu\/projets\/wp-json\/wp\/v2\/types\/post"}],"author":[{"embeddable":true,"href":"https:\/\/www.odyssea.eu\/projets\/wp-json\/wp\/v2\/users\/2"}],"replies":[{"embeddable":true,"href":"https:\/\/www.odyssea.eu\/projets\/wp-json\/wp\/v2\/comments?post=5182"}],"version-history":[{"count":5,"href":"https:\/\/www.odyssea.eu\/projets\/wp-json\/wp\/v2\/posts\/5182\/revisions"}],"predecessor-version":[{"id":5699,"href":"https:\/\/www.odyssea.eu\/projets\/wp-json\/wp\/v2\/posts\/5182\/revisions\/5699"}],"wp:attachment":[{"href":"https:\/\/www.odyssea.eu\/projets\/wp-json\/wp\/v2\/media?parent=5182"}],"wp:term":[{"taxonomy":"category","embeddable":true,"href":"https:\/\/www.odyssea.eu\/projets\/wp-json\/wp\/v2\/categories?post=5182"},{"taxonomy":"post_tag","embeddable":true,"href":"https:\/\/www.odyssea.eu\/projets\/wp-json\/wp\/v2\/tags?post=5182"}],"curies":[{"name":"wp","href":"https:\/\/api.w.org\/{rel}","templated":true}]}}