{"id":4078,"date":"2018-02-20T20:08:35","date_gmt":"2018-02-20T19:08:35","guid":{"rendered":"http:\/\/www.odyssea.eu\/projets\/?p=4078"},"modified":"2018-03-22T15:01:18","modified_gmt":"2018-03-22T14:01:18","slug":"actualites","status":"publish","type":"post","link":"https:\/\/www.odyssea.eu\/projets\/programmes-europeens\/projets-europeens-07-13\/sudoe2\/actualites\/","title":{"rendered":"Actualit\u00e9s"},"content":{"rendered":"<p>[et_pb_section bb_built=\u00a0\u00bb1&Prime; fullwidth=\u00a0\u00bbon\u00a0\u00bb specialty=\u00a0\u00bboff\u00a0\u00bb _builder_version=\u00a0\u00bb3.0.76&Prime; next_background_color=\u00a0\u00bb#000000&Prime; global_module=\u00a0\u00bb4304&Prime;][et_pb_fullwidth_menu admin_label=\u00a0\u00bbMenu SUDOE2&Prime; global_parent=\u00a0\u00bb4304&Prime; _builder_version=\u00a0\u00bb3.0.105&Prime; menu_id=\u00a0\u00bb78&Prime; background_layout=\u00a0\u00bblight\u00a0\u00bb submenu_direction=\u00a0\u00bbdownwards\u00a0\u00bb fullwidth_menu=\u00a0\u00bboff\u00a0\u00bb module_class=\u00a0\u00bbhorizontalMenu\u00a0\u00bb \/][\/et_pb_section][et_pb_section bb_built=\u00a0\u00bb1&Prime; fullwidth=\u00a0\u00bboff\u00a0\u00bb specialty=\u00a0\u00bboff\u00a0\u00bb prev_background_color=\u00a0\u00bb#000000&Prime;][et_pb_row][et_pb_column type=\u00a0\u00bb1_4&Prime;][et_pb_image admin_label=\u00a0\u00bbLogos &#8211; SUDOE2&Prime; _builder_version=\u00a0\u00bb3.0.105&Prime; show_in_lightbox=\u00a0\u00bboff\u00a0\u00bb url_new_window=\u00a0\u00bboff\u00a0\u00bb src=\u00a0\u00bbhttps:\/\/www.odyssea.eu\/projets\/wp-content\/uploads\/2018\/03\/logo-odyssea-sudoe2.jpg\u00a0\u00bb always_center_on_mobile=\u00a0\u00bbon\u00a0\u00bb use_overlay=\u00a0\u00bboff\u00a0\u00bb force_fullwidth=\u00a0\u00bboff\u00a0\u00bb show_bottom_space=\u00a0\u00bbon\u00a0\u00bb saved_tabs=\u00a0\u00bball\u00a0\u00bb global_module=\u00a0\u00bb5634&Prime; \/][\/et_pb_column][et_pb_column type=\u00a0\u00bb3_4&Prime;][et_pb_code admin_label=\u00a0\u00bbActualit\u00e9s\u00a0\u00bb _builder_version=\u00a0\u00bb3.0.105&Prime;]&lt;h2 class=&quot;entry-title&quot;&gt;Actualit\u00e9s&lt;\/h2&gt;[\/et_pb_code][et_pb_tabs _builder_version=\u00a0\u00bb3.0.105&Prime;][et_pb_tab _builder_version=\u00a0\u00bb3.0.105&Prime; title=\u00a0\u00bbG\u00e9nerales\u00a0\u00bb use_background_color_gradient=\u00a0\u00bboff\u00a0\u00bb background_color_gradient_start=\u00a0\u00bb#2b87da\u00a0\u00bb background_color_gradient_end=\u00a0\u00bb#29c4a9&Prime; background_color_gradient_type=\u00a0\u00bblinear\u00a0\u00bb background_color_gradient_direction=\u00a0\u00bb180deg\u00a0\u00bb background_color_gradient_direction_radial=\u00a0\u00bbcenter\u00a0\u00bb background_color_gradient_start_position=\u00a0\u00bb0%\u00a0\u00bb background_color_gradient_end_position=\u00a0\u00bb100%\u00a0\u00bb parallax=\u00a0\u00bboff\u00a0\u00bb parallax_method=\u00a0\u00bbon\u00a0\u00bb background_size=\u00a0\u00bbcover\u00a0\u00bb background_position=\u00a0\u00bbcenter\u00a0\u00bb background_repeat=\u00a0\u00bbno-repeat\u00a0\u00bb background_blend=\u00a0\u00bbnormal\u00a0\u00bb allow_player_pause=\u00a0\u00bboff\u00a0\u00bb tab_font_select=\u00a0\u00bbdefault\u00a0\u00bb tab_font=\u00a0\u00bb||||\u00a0\u00bb body_font_select=\u00a0\u00bbdefault\u00a0\u00bb body_font=\u00a0\u00bb||||\u00a0\u00bb background_color_gradient_overlays_image=\u00a0\u00bboff\u00a0\u00bb background_video_pause_outside_viewport=\u00a0\u00bbon\u00a0\u00bb tab_text_shadow_style=\u00a0\u00bbnone\u00a0\u00bb body_text_shadow_style=\u00a0\u00bbnone\u00a0\u00bb tab_text_shadow_horizontal_length=\u00a0\u00bb0em\u00a0\u00bb tab_text_shadow_vertical_length=\u00a0\u00bb0em\u00a0\u00bb tab_text_shadow_blur_strength=\u00a0\u00bb0em\u00a0\u00bb body_text_shadow_horizontal_length=\u00a0\u00bb0em\u00a0\u00bb body_text_shadow_vertical_length=\u00a0\u00bb0em\u00a0\u00bb body_text_shadow_blur_strength=\u00a0\u00bb0em\u00a0\u00bb]<\/p>\n<p><div class='et-learn-more clearfix'>\n\t\t\t\t\t<h3 class='heading-more'>Forum de capitalisation et s\u00e9minaire final - 27-10-2014 (FR)<span class='et_learnmore_arrow'><span><\/span><\/span><\/h3>\n\t\t\t\t\t<div class='learn-more-content'>Dans le cadre de la coop\u00e9ration territoriale transnationale de l&rsquo;espace Sud-ouest europ\u00e9en (SUDOE), la communaut\u00e9 de Communes Sud-Roussillon a accueilli, lundi 27 octobre, ses partenaires Espagnols et Portugais du programme SUDOE2&#8230;<\/p>\n<p><a href=\"http:\/\/www.odyssea.eu\/projets\/doc\/SUDOE2\/Cap-Catalogne-ODYSSEA-seminaire-final.pdf\" target=\"_blank\">T\u00e9l\u00e9charger le document (FR &#8211; PDF)<\/a><\/div>\n\t\t\t\t<\/div><div class='et-learn-more clearfix'>\n\t\t\t\t\t<h3 class='heading-more'>Sud Roussillon : La communaut\u00e9 de communes accueille ses partenaires espagnols et portugais (FR)<span class='et_learnmore_arrow'><span><\/span><\/span><\/h3>\n\t\t\t\t\t<div class='learn-more-content'>Dans le cadre du programme de coop\u00e9ration transnationale, Sud Roussillon a accueilli, lundi 27 et mardi 28 octobre, ses partenaires Espagnols et Portugais.\nIl s\u2019agissait, dans le cadre du projet commun de d\u00e9veloppement touristique (du port vers l\u2019arri\u00e8re-pays), d\u2019achever par un s\u00e9minaire une collaboration initi\u00e9e 18 mois plus t\u00f4t.<\/p>\n<p><a href=\"http:\/\/www.directsud.eu\/?p=12246\" target=\"_blank\">Lire l&rsquo;article (FR)<\/a><\/div>\n\t\t\t\t<\/div><div class='et-learn-more clearfix'>\n\t\t\t\t\t<h3 class='heading-more'>Independant - 28-10-2014 - Odyssea (FR)<span class='et_learnmore_arrow'><span><\/span><\/span><\/h3>\n\t\t\t\t\t<div class='learn-more-content'>Le maire de Saint-Cyprien, Thierry Del Poso, se f\u00e9licite de l&rsquo;utilisation de fonds europ\u00e9ens pour le d\u00e9velopement de son port et de l&rsquo;arri\u00e8re-pays.<\/p>\n<p><a href=\"http:\/\/www.odyssea.eu\/projets\/doc\/SUDOE2\/Independant-2014-28-10-ODYSSEA.pdf\" target=\"_blank\">T\u00e9l\u00e9charger l&rsquo;article (FR &#8211; PDF)<\/a><\/div>\n\t\t\t\t<\/div><div class='et-learn-more clearfix'>\n\t\t\t\t\t<h3 class='heading-more'>Projet ODYSSEA SUDOE 2: &#039;Forum de capitalisation et S\u00e9minaire final&#039; (FR)<span class='et_learnmore_arrow'><span><\/span><\/span><\/h3>\n\t\t\t\t\t<div class='learn-more-content'>Le projet ODYSSEA SUDOE 2 pr\u00e9sentera au cours de son \u00e9v\u00e9nement final les outils TIC de communication d\u00e9velopp\u00e9s pour promouvoir la comp\u00e9titivit\u00e9 de l&rsquo;industrie touristique dans les territoires impliqu\u00e9s dans le projet.<\/p>\n<p><a href=\"http:\/\/interreg-sudoe.eu\/FRA\/f\/110\/239\/Proyectos\/Evenements\/Projet-ODYSSEA-SUDOE-2--Forum-de-capitalisation-et-Seminaire-final\" target=\"_blank\">Lire l&rsquo;article (FR)<\/a><\/div>\n\t\t\t\t<\/div><div class='et-learn-more clearfix'>\n\t\t\t\t\t<h3 class='heading-more'>Programme du s\u00e9minaire officiel Odyssea SUDOE2<span class='et_learnmore_arrow'><span><\/span><\/span><\/h3>\n\t\t\t\t\t<div class='learn-more-content'>Approuv\u00e9 et cofinanc\u00e9 par la commission europ\u00e9enne au titre du Programme Op\u00e9rationnel \u00ab INTERREG IVB SUDOE \u00bb, ODYSSEA est un projet strat\u00e9gique qui rassemble autour de la Communaut\u00e9 de Communes SUD ROUSSILLON &#8211; Chef de file (Pyr\u00e9n\u00e9es Orientales &#8211; France), la Ville de Perpignan, le Gouvernement Autonome d\u2019Andalousie\u2013Secr\u00e9tariat G\u00e9n\u00e9ral au Tourisme (Minist\u00e8re du Tourisme et du Commerce), le Gouvernement Autonome de Cantabrie-Direction G\u00e9n\u00e9rale de l\u2019Environnement (Minist\u00e8re de l\u2019Environnement, Am\u00e9nagement territorial et Urbanisme), la C\u00e2mara Municipal de Gr\u00e2ndola (Alentejo), la C\u00e2mara Municipal de Silves (Algarve) et en partenaire associ\u00e9 l\u2019Union des Villes Portuaires du Languedoc-Roussillon.<\/p>\n<p><a href=\"http:\/\/www.odyssea.eu\/projets\/doc\/SUDOE2\/programme.pdf\" target=\"_blank\">T\u00e9l\u00e9charger le programme (PDF)<\/a><\/div>\n\t\t\t\t<\/div><div class='et-learn-more clearfix'>\n\t\t\t\t\t<h3 class='heading-more'>3e Comit\u00e9 de pilotage (FR\/ES)<span class='et_learnmore_arrow'><span><\/span><\/span><\/h3>\n\t\t\t\t\t<div class='learn-more-content'><strong>(FR) <\/strong><\/p>\n<p>Le 20- mars 2013 les partenaires du projet ODYSSEA SUDOE2 se sont r\u00e9unis \u00e0 Suances (Santander) pour c\u00e9l\u00e9brer leur 3\u00ba Comit\u00e9 de pilotage. La D.G. Environnement du Gouvernement de Cantabrie avait organis\u00e9 \u00e0 cette occasion un programme de visites qui a inclus la visite du Mus\u00e9e de Altamira http:\/\/fr.museodealtamira.mcu.es . <\/p>\n<p>Le Mus\u00e9e National et Centre de Recherche d\u2019Altamira est un Mus\u00e9e sous la tutelle de l\u2019\u00c9tat et directement g\u00e9r\u00e9 par le Minist\u00e8re de la Culture, il d\u00e9pend, en tant qu\u2019organe, de la Direcci\u00f3n General de Bellas Artes y Bienes Culturales (Direction G\u00e9n\u00e9rale des Beaux Arts et Biens Culturels), \u00e0 travers la Subdirecci\u00f3n General de Museos Estatales (Sous-direction G\u00e9n\u00e9rale des Mus\u00e9es d\u2019\u00c9tat). Le Mus\u00e9e fut cr\u00e9\u00e9 sur l\u2019Ordre du Minist\u00e8re de la Culture du 15 juin 1979, en tant qu\u2019instrument scientifique et administratif pour la gestion et la conservation de la grotte d\u2019Altamira. <\/p>\n<p>Escale culturelle de la ville portuaire Odyssea de Suances (Cantabrie) et de l\u2019itin\u00e9raire Culturelle Europ\u00e9en Odysseus, le Mus\u00e9e d\u2019Altamira s\u2019occupe de chercher, documenter et conserver les collections des diff\u00e9rents gisements arch\u00e9ologiques de Cantabrie. Cependant, la grotte d\u2019Altamira, l\u2019\u00e9tude de son art rupestre, sa protection et sa conservation en sont l\u2019objectif prioritaire et le Mus\u00e9e y consacre son plus grand soin <\/p>\n<p><strong>(ES)<\/strong><\/p>\n<p>El 20-de marzo de 2013 los del proyecto ODYSSEA SUDOE2 se reunieron en Suances (Santander) para celebrar su 3\u00ba Comit\u00e9 de pilotaje. La D.G. de Medio Ambiente del Gobierno de Cantabria hab\u00eda organizado a esta ocasi\u00f3n un programa de visitas que incluy\u00f3 la visita del Museo de Altamira http:\/\/fr.museodealtamira.mcu.es . <\/p>\n<p>El Museo Nacional y Centro de Investigaci\u00f3n de Altamira es un Museo de Titularidad Estatal y gesti\u00f3n directa del Ministerio de Educaci\u00f3n, Cultura y Deporte, que depende org\u00e1nicamente de la Direcci\u00f3n General de Bellas Artes y Bienes Culturales y de Archivos y Bibliotecas, a trav\u00e9s de la Subdirecci\u00f3n General de Museos Estatales. El Museo fue creado por Orden de l Ministerio de Cultura de 15 de junio de 1979, como instrumento cient\u00edfico y administrativo para la gesti\u00f3n y conservaci\u00f3n de la cueva de Altamira <\/p>\n<p>Escala cultural de la ciudad portuaria Odyssea de Suances (Cantabria) y del itinerario Cultural Europeo Odysseus, el Museo de Altamira se ocupa de investigar, documentar y conservar las colecciones de diferentes yacimientos arqueol\u00f3gicos de Cantabria. No obstante, la cueva de Altamira, el estudio de su arte rupestre, su protecci\u00f3n y conservaci\u00f3n constituyen un objetivo prioritario al que el Museo dedica la m\u00e1xima dedicaci\u00f3n.<\/div>\n\t\t\t\t<\/div><div class='et-learn-more clearfix'>\n\t\t\t\t\t<h3 class='heading-more'>Itin\u00e9raire Mer-Terre Odyssea Suances (FR\/ES)<span class='et_learnmore_arrow'><span><\/span><\/span><\/h3>\n\t\t\t\t\t<div class='learn-more-content'><strong>(FR) <\/strong><\/p>\n<p>A l\u2019issue de cette visite, ils ont parcourus l\u2019Itin\u00e9raire Mer-Terre Odyssea Suances \u00e0 bord d\u2019un bateau de visite touristique qui a permis de voir les paysages culturels fluviaux de la Ria del Saja-Besaya.<\/p>\n<p>La rivi\u00e8re Saja-Besaya d\u00e9bouche \u00e0 Suances, o\u00f9 les eaux de cette rivi\u00e8re rejoignent le Golfe de Gascogne. Dans son dernier tron\u00e7on, la rivi\u00e8re s\u2019\u00e9coule pr\u00e8s du petit Port abrit\u00e9 de Suances, et apr\u00e8s son passage devant la plage fluviale de La Rive, elle d\u00e9bouche une centaine de m\u00e8tres apr\u00e8s sur la mer entre deux jet\u00e9es en b\u00e9ton qui d\u00e9limitent le cours final de la rivi\u00e8re. <\/p>\n<p><strong>(ES)<\/strong><\/p>\n<p>Al final de esta visita, recorrieron el Itinerario Mar-tierra Odyssea Suances a bordo de un barco de visita tur\u00edstica que permiti\u00f3 ver los paisajes culturales fluviales de la R\u00eda del Saja-Besaya.<\/p>\n<p>El r\u00edo Saja-Besaya desemboca en Suances, donde se une al Mar Cant\u00e1brico. En su \u00faltimo tramo, la r\u00eda discurre junto al abrigado y peque\u00f1o Puerto de Suances, y tras pasar por delante de la playa fluvial de La Ribera, desemboca un centenar de metros m\u00e1s adelante al mar entre dos espigones de hormig\u00f3n que delimitan el curso final de la r\u00eda.<\/div>\n\t\t\t\t<\/div><\/p>\n<p>[\/et_pb_tab][et_pb_tab _builder_version=\u00a0\u00bb3.0.105&Prime; title=\u00a0\u00bbR\u00e9gionales\u00a0\u00bb use_background_color_gradient=\u00a0\u00bboff\u00a0\u00bb background_color_gradient_start=\u00a0\u00bb#2b87da\u00a0\u00bb background_color_gradient_end=\u00a0\u00bb#29c4a9&Prime; background_color_gradient_type=\u00a0\u00bblinear\u00a0\u00bb background_color_gradient_direction=\u00a0\u00bb180deg\u00a0\u00bb background_color_gradient_direction_radial=\u00a0\u00bbcenter\u00a0\u00bb background_color_gradient_start_position=\u00a0\u00bb0%\u00a0\u00bb background_color_gradient_end_position=\u00a0\u00bb100%\u00a0\u00bb parallax=\u00a0\u00bboff\u00a0\u00bb parallax_method=\u00a0\u00bbon\u00a0\u00bb background_size=\u00a0\u00bbcover\u00a0\u00bb background_position=\u00a0\u00bbcenter\u00a0\u00bb background_repeat=\u00a0\u00bbno-repeat\u00a0\u00bb background_blend=\u00a0\u00bbnormal\u00a0\u00bb allow_player_pause=\u00a0\u00bboff\u00a0\u00bb tab_font_select=\u00a0\u00bbdefault\u00a0\u00bb tab_font=\u00a0\u00bb||||\u00a0\u00bb body_font_select=\u00a0\u00bbdefault\u00a0\u00bb body_font=\u00a0\u00bb||||\u00a0\u00bb background_color_gradient_overlays_image=\u00a0\u00bboff\u00a0\u00bb background_video_pause_outside_viewport=\u00a0\u00bbon\u00a0\u00bb tab_text_shadow_style=\u00a0\u00bbnone\u00a0\u00bb body_text_shadow_style=\u00a0\u00bbnone\u00a0\u00bb tab_text_shadow_horizontal_length=\u00a0\u00bb0em\u00a0\u00bb tab_text_shadow_vertical_length=\u00a0\u00bb0em\u00a0\u00bb tab_text_shadow_blur_strength=\u00a0\u00bb0em\u00a0\u00bb body_text_shadow_horizontal_length=\u00a0\u00bb0em\u00a0\u00bb body_text_shadow_vertical_length=\u00a0\u00bb0em\u00a0\u00bb body_text_shadow_blur_strength=\u00a0\u00bb0em\u00a0\u00bb]<\/p>\n<p><div class='et-learn-more clearfix'>\n\t\t\t\t\t<h3 class='heading-more'>Santillana del Mar estrena un v\u00eddeo para la promoci\u00f3n del turismo (ES)<span class='et_learnmore_arrow'><span><\/span><\/span><\/h3>\n\t\t\t\t\t<div class='learn-more-content'><strong>La proyecci\u00f3n muestra al espectador los recursos tur\u00edsticos y las experiencias que ofrece el municipio.<\/strong><\/p>\n<p>Santillana del Mar ha estrenado canal en el portal YouTube y lo ha hecho con la presentaci\u00f3n de un video promocional. La proyecci\u00f3n muestra al espectador los recursos tur\u00edsticos y las experiencias que ofrece el municipio. <\/p>\n<p>El proyecto ha sido coordinado por la Concejal\u00eda de Turismo del Ayuntamiento de Santillana del Mar y es fruto de varios meses de trabajo. El video se podr\u00e1 visualizar online, con un acceso directo, a trav\u00e9s de la p\u00e1gina web tur\u00edstica municipal. De esta manera ser\u00e1 posible su interactividad ya que podr\u00e1 ser compartido en las redes sociales, aprovechando as\u00ed todo el potencial de promoci\u00f3n de estos canales. <\/p>\n<p>Esta actuaci\u00f3n, llevada a cabo por el \u00e1rea de Turismo del Consistorio, se suma al desarrollo de la aplicaci\u00f3n de Realidad Aumentada (RA) para los sistemas Android e iOS, disponible en castellano e ingl\u00e9s. La aplicaci\u00f3n denominada &lsquo;Santillana del Mar&rsquo; ofrece la posibilidad de acceder, a trav\u00e9s de smartphones y tablets, a toda clase de informaci\u00f3n relacionada con el destino como: datos de museos, lugares de inter\u00e9s, o agenda cultural, as\u00ed como a la oferta de servicios de restauraci\u00f3n, alojamientos o comercios, entre otros datos.<\/p>\n<p><iframe loading=\"lazy\" width=\"1080\" height=\"608\" src=\"https:\/\/www.youtube.com\/embed\/7W_sE-OOdYk?feature=oembed\" frameborder=\"0\" allow=\"autoplay; encrypted-media\" allowfullscreen><\/iframe><\/p>\n<p><strong>Odyssea<\/strong> <\/p>\n<p>Adem\u00e1s entre los avances tecnol\u00f3gicos de Santillana del Mar, se encuentra su participaci\u00f3n en el proyecto Odyssea, junto con Suances y Torrelavega con el objeto de dar a conocer el entorno Bajo del Saja-Besaya, en un actuaci\u00f3n que tiene por meta hablar de destinos y caminos de HistoRIA y vida, en alusi\u00f3n a la R\u00eda de San Mart\u00edn de la Arena. <\/p>\n<p>El proyecto Odyssea ofrece informaci\u00f3n al usuario con secciones como: itinerarios, cultura, na\u00fatica, sabores o natura, y lo hace en varios idiomas: espa\u00f1ol, ingl\u00e9s, franc\u00e9s y alem\u00e1n. Estos apartados se pueden seguir tanto en los smartphones y tablets como en las pantallas interactivas instaladas, y repartidas, en los municipios participantes en el proyecto. En el caso de Santillana del Mar tambi\u00e9n es posible seguir sus contenidos, a trav\u00e9s de un acceso directo desde la p\u00e1gina web tur\u00edstica municipal. <\/p>\n<p>La comarca del Bajo Saja-Besaya es la primera regi\u00f3n del mar Cant\u00e1brico en la puesta en marcha del modelo Odyssea con un itinerario mar\u00edtimo y cultural que toma como puerto Odyssea a Suances, actuando como acceso a la comarca y eje vertebrador del territorio formado conjuntamente con Santillana del Mar y Torrelavega.<\/p>\n<p><a href=\"http:\/\/www.eldiariomontanes.es\/torrelavega-besaya\/201505\/19\/santillana-estrena-video-para-20150519181543.html\" target=\"_blank\">Lire l&rsquo;article (ES)<\/a><\/div>\n\t\t\t\t<\/div><div class='et-learn-more clearfix'>\n\t\t\t\t\t<h3 class='heading-more'>Presentaci\u00f3n de los resultados del proyecto Odyssea SUDOE2 \u2013 Barbate 23 de octubre de 2014 (ES)<span class='et_learnmore_arrow'><span><\/span><\/span><\/h3>\n\t\t\t\t\t<div class='learn-more-content'>La Consejer\u00eda de Turismo presenta los resultados de la puesta en marcha del proyecto Odyssea Sudoe2 en Barbate en un acto que ha congregado a cerca de 30 empresarios y proveedores de la zona.<\/p>\n<p><iframe loading=\"lazy\" width=\"1080\" height=\"810\" src=\"https:\/\/www.youtube.com\/embed\/-LKIgfu18rI?feature=oembed\" frameborder=\"0\" allow=\"autoplay; encrypted-media\" allowfullscreen><\/iframe><\/div>\n\t\t\t\t<\/div><div class='et-learn-more clearfix'>\n\t\t\t\t\t<h3 class='heading-more'>Los resultados del proyecto &#039;Odyssea Sudoe 2&#039; se presentan ma\u00f1ana en Suances (ES)<span class='et_learnmore_arrow'><span><\/span><\/span><\/h3>\n\t\t\t\t\t<div class='learn-more-content'><em>SANTANDER, 29 Oct. (EUROPA PRESS)<\/em>\nLos resultados del proyecto &lsquo;Odyssea Sudoe 2&rsquo;, impulsado por el Gobierno de Cantabria en la comarca del Besaya y en el que participan los municipios de Suances, Torrelavega y Santillana del Mar, se presentan este jueves, 30 de octubre, en la sala suancina del Torco. <\/p>\n<p><a href=\"http:\/\/www.europapress.es\/cantabria\/canabria-sostenible-00437\/noticia-resultados-proyecto-odyssea-sudoe-presentan-manana-suances-20141029193827.html\" target=\"_blank\">Lire l&rsquo;article (ES)<\/a><\/div>\n\t\t\t\t<\/div><div class='et-learn-more clearfix'>\n\t\t\t\t\t<h3 class='heading-more'>La localidad se une a los itinerarios n\u00e1uticos por Europa (ES)<span class='et_learnmore_arrow'><span><\/span><\/span><\/h3>\n\t\t\t\t\t<div class='learn-more-content'>La nueva edici\u00f3n del proyecto de cooperaci\u00f3n transnacional Odyssea Sudoe 2 se desarrollar\u00e1 con la participaci\u00f3n del puerto deportivo de Barbate, que representar\u00e1 a Andaluc\u00eda como ciudad piloto dentro de una red estructurada de m\u00e1s de 70 poblaciones portuarias de diferentes regiones europeas.<\/p>\n<p><a href=\"http:\/\/www.diariodecadiz.es\/provincia\/localidad-une-itinerarios-nauticos-Europa_0_855515139.html\" target=\"_blank\">Lire l&rsquo;article (ES)<\/a><\/div>\n\t\t\t\t<\/div><div class='et-learn-more clearfix'>\n\t\t\t\t\t<h3 class='heading-more'>Barbate participar\u00e1 en red &#039;Odyssea&#039; de poblaciones portuarias (ES)<span class='et_learnmore_arrow'><span><\/span><\/span><\/h3>\n\t\t\t\t\t<div class='learn-more-content'>El puerto deportivo de Barbate (C\u00e1diz) representar\u00e1 a Andaluc\u00eda en una nueva edici\u00f3n del proyecto \u00ab\u00a0Odyssea\u00a0\u00bb, una red de m\u00e1s de setenta &#8230;<\/p>\n<p><a href=\"http:\/\/www.finanzas.com\/noticias\/empresas\/20141022\/barbate-participara-odyssea-poblaciones-2786582.html\" target=\"_blank\">Lire l&rsquo;article (ES)<\/a><\/div>\n\t\t\t\t<\/div><div class='et-learn-more clearfix'>\n\t\t\t\t\t<h3 class='heading-more'>Barbate potencia el turismo n\u00e1utico a trav\u00e9s de las nuevas tecnolog\u00edas (ES)<span class='et_learnmore_arrow'><span><\/span><\/span><\/h3>\n\t\t\t\t\t<div class='learn-more-content'>Barbate se une a una red de m\u00e1s de 70 ciudades portuarias en Espa\u00f1a, Francia, Italia, Portugal, Grecia y Marruecos para potenciar el turismo n\u00e1utico, cultural, gastron\u00f3mico y paisaj\u00edstico. Esta ma\u00f1ana, la Secretar\u00eda General para el Turismo de la Consejer\u00eda de Turismo y Comercio de la Junta de Andaluc\u00eda ha celebrado la conferencia final del proyecto ODYSSEA SUDOE2 &#8230;<\/p>\n<p><a href=\"http:\/\/andaluciainformacion.es\/barbate\/447920\/barbate-potencia-el-turismo-nautico-a-traves-de-las-nuevas-tecnologias\/\" target=\"_blank\">Lire l&rsquo;article (ES)<\/a><\/div>\n\t\t\t\t<\/div><div class='et-learn-more clearfix'>\n\t\t\t\t\t<h3 class='heading-more'>Barbate (C\u00e1diz) participar\u00e1 en red &#039;Odyssea&#039; de poblaciones portuarias (ES)<span class='et_learnmore_arrow'><span><\/span><\/span><\/h3>\n\t\t\t\t\t<div class='learn-more-content'>C\u00e1diz, 22 oct (EFE).- El puerto deportivo de Barbate (C\u00e1diz) representar\u00e1 a Andaluc\u00eda en una nueva edici\u00f3n del proyecto \u00ab\u00a0Odyssea\u00a0\u00bb, una red de m\u00e1s de setenta poblaciones portuarias de diferentes regiones europeas.<\/p>\n<p><a href=\"http:\/\/www.lavanguardia.com\/local\/sevilla\/20141022\/54417405242\/barbate-cadiz-participara-en-red-odyssea-de-poblaciones-portuarias.html\" target=\"_blank\">Lire l&rsquo;article (ES)<\/a><\/div>\n\t\t\t\t<\/div><div class='et-learn-more clearfix'>\n\t\t\t\t\t<h3 class='heading-more'>El III Sal\u00f3n N\u00e1utico de Cantabria apuesta por mejorar posici\u00f3n en el exterior (ES)<span class='et_learnmore_arrow'><span><\/span><\/span><\/h3>\n\t\t\t\t\t<div class='learn-more-content'>El III Sal\u00f3n N\u00e1utico de Cantabria apuesta en esta edici\u00f3n por \u00ab\u00a0concentrar esfuerzos\u00a0\u00bb para que el mar Cant\u00e1brico se haga visible en el exterior mediante una oferta conjunta del sector del norte de Espa\u00f1a, al igual que ocurre en el Mediterr\u00e1neo.<\/p>\n<p><a href=\"http:\/\/www.eldiariomontanes.es\/castro-oriental\/201407\/03\/salon-nautico-cantabria-apuesta-20140703171007.html\" target=\"_blank\">Lire l&rsquo;article (ES)<\/a><\/p>\n<p><a href=\"http:\/\/www.odyssea.eu\/projets\/doc\/SUDOE2\/Sudoe2-Programa_Actividades_SN14-2.pdf\" target=\"_blank\">T\u00e9l\u00e9charger le programme (ES &#8211; PDF)<\/a><\/div>\n\t\t\t\t<\/div><div class='et-learn-more clearfix'>\n\t\t\t\t\t<h3 class='heading-more'>Comit\u00e9 de pilotaje ODYSSEA Barbate (ES)<span class='et_learnmore_arrow'><span><\/span><\/span><\/h3>\n\t\t\t\t\t<div class='learn-more-content'>El pasado d\u00eda mi\u00e9rcoles 15 de abril, se celebr\u00f3 en el Ayuntamiento en Barbate (C\u00e1diz) la reuni\u00f3n de seguimiento de las acciones en curso en el municipio y su puerto deportivo, dentro del proyecto ODYSSEA SUDOE 2 financiado con FEDER. <\/p>\n<p>Asistieron los miembros del Comit\u00e9 as\u00ed como la empresa encargada del inventario monogr\u00e1fico, los representantes del municipio piloto, de la Junta de Andaluc\u00eda, de la Delegaci\u00f3n Territorial de Fomento, Vivienda, Turismo y Comercio en C\u00e1diz, as\u00ed como de representantes sectoriales del territorio. <\/p>\n<p><a href=\"http:\/\/www.odyssea.eu\/projets\/doc\/SUDOE2\/constitucion-comite-local.pdf\" target=\"_blank\">T\u00e9l\u00e9charger le document (ES &#8211; PDF)<\/a><\/div>\n\t\t\t\t<\/div><div class='et-learn-more clearfix'>\n\t\t\t\t\t<h3 class='heading-more'>Jornada Estrategia EU Turismo Costero y Maritimo. Viernes 21 marzo 2014 (Santander \u2013 Cantabria) (ES)<span class='et_learnmore_arrow'><span><\/span><\/span><\/h3>\n\t\t\t\t\t<div class='learn-more-content'><strong>Sal\u00f3n de Actos de SODERCAN. Parque Cient\u00edfico y Tecnol\u00f3gico de Cantabria (PCTCAN). <\/strong><\/p>\n<p>JORNADA TEM\u00c1TICA SOBRE LA ESTRATEGIA EUROPEA DE CRECIMIENTO Y FOMENTO DEL EMPLEO EN EL SECTOR DEL TURISMO COSTERO Y MAR\u00cdTIMO El pasado 20 de febrero la Comisi\u00f3n Europea ha presentado una nueva estrategia para impulsar el turismo costero y mar\u00edtimo en Europa (COM (2014) 86). El turismo es un motor econ\u00f3mico fundamental para el crecimiento de Europa y en esta estrategia se reconoce el potencial que tiene el sector costero y mar\u00edtimo para favorecer un crecimiento sostenible y la generaci\u00f3n de empleo. En ella se describen 14 medidas con las que la UE puede ayudar a las regiones costeras, a sus negocios y empresas a hacer frente a los retos que tienen por delante y a reforzar la posici\u00f3n del sector como motor fundamental de la econom\u00eda azul de Europa y el papel que puede desempe\u00f1ar para luchar contra el paro, particularmente el de los j\u00f3venes. <\/p>\n<p>En el marco del proyecto ODYSSEA SUDOE2, al cual participa como socio la Direcci\u00f3n General de Medio Ambiente de la Consejer\u00eda de Medio Ambiente, Ord. del Territorio y Urbanismo &#8211; Gobierno de Cantabria y con el fin de impulsar la estrategia europea y conocer las iniciativas y proyectos que desde Cantabria se est\u00e1n llevando a cabo en este \u00e1mbito, desde la Direcci\u00f3n General de Econom\u00eda y Asuntos Europeos del Gobierno de Cantabria, se organiz\u00f3 una jornada tem\u00e1tica destinada a los agentes sectoriales relacionados con el sector mar\u00edtimo-costero, Ayuntamientos y p\u00fablico en general.<\/p>\n<p><a href=\"http:\/\/www.odyssea.eu\/projets\/SUDOE2\/programa-jornada.pdf\" target=\"_blank\">Leer el programa (ES &#8211; PDF)<\/a><\/p>\n<p>Se adjunta las presentaciones realzadas durante la JORNADA TEM\u00c1TICA SOBRE LA ESTRATEGIA EUROPEA DE CRECIMIENTO Y FOMENTO DEL EMPLEO EN EL SECTOR DEL TURISMO COSTERO Y MAR\u00cdTIMO, que se llev\u00f3 a cabo el viernes 21 marzo 2014 en Santander, Cantabria. <\/p>\n<p><a href=\"http:\/\/www.odyssea.eu\/projets\/doc\/SUDOE2\/angel-herrero.pdf\" target=\"_blank\">Leer la intervenci\u00f3n de Angel Herero<\/a><\/p>\n<p>\t<a href=\"http:\/\/www.odyssea.eu\/projets\/doc\/SUDOE2\/julian-diaz-estrategias-EU-sector-maritimo.pdf\" target=\"_blank\">Leer la intervenci\u00f3n de Juli\u00e1n D\u00edaz<\/a><\/p>\n<p>\t<a href=\"http:\/\/www.odyssea.eu\/projets\/doc\/SUDOE2\/pilar-pereda-turismo-marinero.pdf\" target=\"_blank\">\t\tLeer la intervenci\u00f3n de Pilar Pereda<\/a><\/p>\n<p>\t<a href=\"http:\/\/www.odyssea.eu\/projets\/doc\/SUDOE2\/regis-lopez-ODYSSEA-EUROPA.pdf\" target=\"_blank\">Leer la intervenci\u00f3n de Regis Lopez<\/a><\/div>\n\t\t\t\t<\/div><div class='et-learn-more clearfix'>\n\t\t\t\t\t<h3 class='heading-more'>Comit\u00e9 de pilotaje ODYSSEA Barbate (C\u00e1diz) (ES)<span class='et_learnmore_arrow'><span><\/span><\/span><\/h3>\n\t\t\t\t\t<div class='learn-more-content'>El pasado d\u00eda mi\u00e9rcoles 12 de marzo, se celebr\u00f3 en el Ayuntamiento en Barbate (C\u00e1diz) la reuni\u00f3n de presentaci\u00f3n de las actuaciones a realizar en el municipio y su puerto deportivo, dentro del proyecto ODYSSEA SUDOE 2 financiado con FEDER. <\/p>\n<p>Durante la reuni\u00f3n, se definieron los ejes de implementaci\u00f3n del modelo ODYSSEA en Barbate y su territorio. Se hizo particular hincapi\u00e9 a los aspectos relacionados con el modelo econ\u00f3mico tur\u00edstico, n\u00e1utico y cultural con una l\u00f3gica de gesti\u00f3n sostenible que va permitir la valorizaci\u00f3n de un itinerario hist\u00f3rico que asocian el espacio mar\u00edtimo de Barbate con su territorio rural, su patrimonio y su cultura con un modelo innovador de valorizaci\u00f3n y lectura de paisajes y patrimonios mar\u00edtimos. <\/p>\n<p>El Alcalde de Barbate D. Rafael Quir\u00f3s destac\u00f3 la relevancia de esta iniciativa piloto que supone la puesta en marcha de \u201cuna serie de importantes innovaciones en el \u00e1mbito del Turismo n\u00e1utico y tem\u00e1tico del municipio y permite incorporar su oferta en una red de ciudades europeas que utilizan una metodolog\u00eda com\u00fan en la promoci\u00f3n de sus recursos patrimoniales y productos tur\u00edsticos. <\/p>\n<p>Por su parte D Diego Angu\u00eds &#8211; Director de Dominio P\u00fablico y Servicios Portuarios de la Agencia P\u00fablica de Puertos de Andaluc\u00eda (APPA) resalto el inter\u00e9s de su Agencia por el modelo Odyssea que acaba de ser nombrado oficialmente por la CE, modelo ejemplar y buena pr\u00e1ctica europea en el marco del Comunicado de la CE sobre la estrategia europea de crecimiento y fomento del empleo en el sector del turismo costero y mar\u00edtimo. (COM 86 final del 20-02-2014 : COMMUNICATION FROM THE COMMISSION TO THE EUROPEAN PARLIAMENT, THE COUNCIL, THE EUROPEAN ECONOMIC AND SOCIAL COMMITTEE AND THE COMMITTEE OF THE REGIONS: A European Strategy for more Growth and Jobs in Coastal and Maritime Tourism)<\/p>\n<p>ASISTIERON A LA REUNI\u00d3N DE TRABAJO<\/p>\n<p><strong>Ayuntamiento de Barbate<\/strong>\n&#8211; D. Rafael Quir\u00f3s &#8211; Alcalde Barbate\n&#8211; Do\u00f1a Mar\u00eda Dolores Varo &#8211; Concejala de Turismo de Barbate\n<strong>Secretaria General para el Turismo &#8211; Consejer\u00eda de Turismo y Comercio<\/strong>\n&#8211; D. Pablo Torres Bosco &#8211; Jefe de Servicio de Prospectiva y Formaci\u00f3n\n&#8211; D Rodrigo Valdecantos Dema &#8211; Jefe de Servicio de Turismo de la Delegaci\u00f3n Territorial\n&#8211; D . Constantino Ram\u00edrez de Fr\u00edas Jefe de Departamento de Planes y Programas\n<strong>Agencia P\u00fablica de Puertos de Andaluc\u00eda<\/strong>\n&#8211; D. Diego Angu\u00eds &#8211; Director de Dominio P\u00fablico y Servicios Portuarios de la Agencia P\u00fablica de Puertos de\n<strong>Andaluc\u00eda (APPA)<\/strong>\n&#8211; Jefe de Zona Puertos (Cadiz) &#8211; Agencia P\u00fablica de Puertos de Andaluc\u00eda (APPA)\n<strong>Misi\u00f3n Odyssea<\/strong>\nD. Regis L\u00f3pez Lang<\/div>\n\t\t\t\t<\/div><div class='et-learn-more clearfix'>\n\t\t\t\t\t<h3 class='heading-more'> Les Rencontres Euro-M\u00e9diterran\u00e9ennes de Perpignan (FR)<span class='et_learnmore_arrow'><span><\/span><\/span><\/h3>\n\t\t\t\t\t<div class='learn-more-content'><strong>Les 7, 8 et 9 novembre derniers, la Ville de Perpignan a pr\u00e9sent\u00e9 les Rencontres Euro-M\u00e9diterran\u00e9ennes, organis\u00e9es dans le cadre du programme de coop\u00e9ration territoriale europ\u00e9enne Odyssea Sudoe2, sur le th\u00e8me \u00ab Dans le sillon d\u2019Ulysse, la M\u00e9moire des Ports, des cit\u00e9s et leurs voies antiques : la Route des Ph\u00e9niciens et l\u2019Escale du Pays catalan \u00bb. De grands t\u00e9moins, historiens, chercheurs, artistes, universitaires\u2026 \u00e9taient pr\u00e9sents pour nous faire vivre cette histoire.<\/strong><\/p>\n<p>La Ville de Perpignan porte en France l\u2019itin\u00e9raire \u00ab la Route des Ph\u00e9niciens \u00bb. Elle est territoire de projet et d\u2019implantation du mod\u00e8le int\u00e9gr\u00e9 de d\u00e9veloppement territorial Odyssea et travaille avec la Communaut\u00e9 de communes Sud Roussillon \u00e0 son \u00e9tape \u00ab Sud de france \u00bb comme \u00ab l&rsquo;Escale du Pays catalan \u00bb de l\u2019itin\u00e9raire Odysseus, autour de la m\u00e9moire des ports et des voies antiques. <\/p>\n<p>Apr\u00e8s les Rencontres \u00e0 Marseille, Capitale europ\u00e9enne de la culture 2013 et \u00e0 Saint-Cyprien, l\u2019objectif des participants \u00e0 ces Rencontres de Perpignan \u00e9tait de retenir les axes culturels et soci\u00e9taux d\u2019un nouveau d\u00e9veloppement \u00e9conomique plus solidaire, plus attractif, bas\u00e9 sur un \u00e9cotourisme liant les ports et leurs voies mill\u00e9naires. <\/p>\n<p>\u00ab L\u2019escale Patrimoine Phare Odysseus du Pays catalan sur les chemins de l\u2019histoire \u00bb a \u00e9t\u00e9 \u00e0 l&rsquo;honneur. C\u2019est une contribution au Parlement de la Mer \u00ab Ensemble, prenons en main notre M\u00e9diterran\u00e9e \u00bb, fort d\u2019un r\u00e9seau exemplaire de villes-ports ; une nouvelle itin\u00e9rance de la connaissance et du mieux vivre-ensemble, porteuse de valeurs d\u2019ouverture et de d\u00e9mocratie, riche d\u2019innovations technologiques et d\u2019offres originales respectueuses de notre environnement et ouverte \u00e0 des publics amoureux des balades et des d\u00e9couvertes au fil de l\u2019eau et de l\u2019histoire.<\/p>\n<p>Ces rencontres ont aussi \u00e9t\u00e9 l\u2019occasion d\u2019installer avec \u00ab Sud Roussillon \u00bb et la Ville de Perpignan le comit\u00e9 de pilotage \u00ab Tourisme nautique &amp; culturel \u00bb dans le cadre du programme europ\u00e9en Odyssea Sudoe2. Au programme : la d\u00e9finition des supports didactiques et p\u00e9dagogiques capables de restituer cette m\u00e9moire, la d\u00e9finition d\u2019outils communs relatifs \u00e0 la promotion de cette m\u00e9moire partag\u00e9e, la cr\u00e9ation d\u2019itin\u00e9raires, d\u2019ateliers du go\u00fbt, la formation de guides interpr\u00e8tes en collaboration avec l\u2019Universit\u00e9 de Perpignan Via Domitia, la mat\u00e9rialisation, sous forme d\u2019offre touristique \u00e0 tr\u00e8s haute valeur ajout\u00e9e culturelle et \u00e9conomique, de l\u2019Escale Sud de France en Pays catalan&#8230;<\/div>\n\t\t\t\t<\/div><div class='et-learn-more clearfix'>\n\t\t\t\t\t<h3 class='heading-more'>Marina de Tr\u00f3ia vai ajudar a promover interior de Gr\u00e2ndola (PT)<span class='et_learnmore_arrow'><span><\/span><\/span><\/h3>\n\t\t\t\t\t<div class='learn-more-content'>A marina de Tr\u00f3ia dever\u00e1 tornar-se a partir do ver\u00e3o de 2011 fulcral para ajudar a desenvolver o turismo no interior do concelho de Gr\u00e2ndola. Carlos Beato, presidente da autarquia, esclarece que essa \u201cestrat\u00e9gia de promo\u00e7\u00e3o tur\u00edstica inovadora em Portugal\u201d, subordinada ao projecto europeu \u201cOdyssea Sudoe\u201d, trar\u00e1 \u201cum turismo de qualidade a Gr\u00e2ndola\u201d, colocando o munic\u00edpio \u201cna linha da frente da competitividade\u201d e ajudando ao \u201cseu desenvolvimento, atrav\u00e9s da gera\u00e7\u00e3o de mais emprego e oportunidades\u201d.<\/div>\n\t\t\t\t<\/div><div class='et-learn-more clearfix'>\n\t\t\t\t\t<h3 class='heading-more'>Gr\u00e2ndola desenvolve plataforma digital para promover turismo (PT)<span class='et_learnmore_arrow'><span><\/span><\/span><\/h3>\n\t\t\t\t\t<div class='learn-more-content'>A cria\u00e7\u00e3o de uma rede de cidades europeias com marina e portos de recreio visando potenciar e promover o territ\u00f3rio de Gr\u00e2ndola com recurso \u00e0s novas tecnologias de comunica\u00e7\u00e3o e informa\u00e7\u00e3o. Estas s\u00e3o as linhas mestras do projecto do Munic\u00edpio de Gr\u00e2ndola inserido no Programa de Coopera\u00e7\u00e3o Territorial Europeia INTERREG IV B SUDOE, o financiado a 75 % pelo FEDER (Fundo Europeu de Desenvolvimento Regional).<\/p>\n<p><a href=\"http:\/\/www.publituris.pt\/2010\/02\/26\/grandola-desenvolve-plataforma-digital-para-promover-turismo\/\" target=\"_blank\">Lire l&rsquo;article (ES)<\/a><\/div>\n\t\t\t\t<\/div><div class='et-learn-more clearfix'>\n\t\t\t\t\t<h3 class='heading-more'>El proyecto europeo Odyssea se implanta en la comarca del Besaya (ES)<span class='et_learnmore_arrow'><span><\/span><\/span><\/h3>\n\t\t\t\t\t<div class='learn-more-content'>Este modelo econ\u00f3mico, tur\u00edstico y cultural permitir\u00e1 una comunicaci\u00f3n y promoci\u00f3n internacional de esta comarca\nEl proyecto europeo de turismo sostenible Odyssea SUDOE2 se va a desarrollar en los ayuntamiento de la comarca del Besaya de Cantabria, una ubicaci\u00f3n promovida por el Gobierno regional debido a que este modelo econ\u00f3mico, tur\u00edstico y cultural permitir\u00e1 una comunicaci\u00f3n y promoci\u00f3n internacional de esta comarca. <\/p>\n<p><a href=\"http:\/\/www.europapress.es\/cantabria\/noticia-proyecto-europeo-turismo-sostenible-odyssea-sudoe2-implanta-comarca-besaya-20131115143804.html\" target=\"_blank\">Lire l&rsquo;article (ES)<\/a><\/div>\n\t\t\t\t<\/div><div class='et-learn-more clearfix'>\n\t\t\t\t\t<h3 class='heading-more'>El Gobierno presenta hoy el proyecto europeo Odyssea, que se va a desarrollar en la Comarca del Besaya (ES)<span class='et_learnmore_arrow'><span><\/span><\/span><\/h3>\n\t\t\t\t\t<div class='learn-more-content'>El consejero de Medio Ambiente, Ordenaci\u00f3n del Territorio y Urbanismo, Javier Fern\u00e1ndez, presentar\u00e1 este viernes en El Torco, en Suances, el Proyecto europeo Odyssea, que se va a desarrollar en los ayuntamientos de la Comarca del Besaya.<\/p>\n<p><a href=\"http:\/\/www.europapress.es\/cantabria\/canabria-sostenible-00437\/noticia-gobierno-presenta-hoy-proyecto-europeo-odyssea-va-desarrollar-comarca-besaya-20131115060452.html\" target=\"_blank\">Lire l&rsquo;article (ES)<\/a><\/div>\n\t\t\t\t<\/div><\/p>\n<p>[\/et_pb_tab][et_pb_tab _builder_version=\u00a0\u00bb3.0.105&Prime; title=\u00a0\u00bb\u00c9v\u00e9nementielles\u00a0\u00bb use_background_color_gradient=\u00a0\u00bboff\u00a0\u00bb background_color_gradient_start=\u00a0\u00bb#2b87da\u00a0\u00bb background_color_gradient_end=\u00a0\u00bb#29c4a9&Prime; background_color_gradient_type=\u00a0\u00bblinear\u00a0\u00bb background_color_gradient_direction=\u00a0\u00bb180deg\u00a0\u00bb background_color_gradient_direction_radial=\u00a0\u00bbcenter\u00a0\u00bb background_color_gradient_start_position=\u00a0\u00bb0%\u00a0\u00bb background_color_gradient_end_position=\u00a0\u00bb100%\u00a0\u00bb background_color_gradient_overlays_image=\u00a0\u00bboff\u00a0\u00bb parallax=\u00a0\u00bboff\u00a0\u00bb parallax_method=\u00a0\u00bbon\u00a0\u00bb background_size=\u00a0\u00bbcover\u00a0\u00bb background_position=\u00a0\u00bbcenter\u00a0\u00bb background_repeat=\u00a0\u00bbno-repeat\u00a0\u00bb background_blend=\u00a0\u00bbnormal\u00a0\u00bb allow_player_pause=\u00a0\u00bboff\u00a0\u00bb background_video_pause_outside_viewport=\u00a0\u00bbon\u00a0\u00bb tab_text_shadow_style=\u00a0\u00bbnone\u00a0\u00bb body_text_shadow_style=\u00a0\u00bbnone\u00a0\u00bb tab_text_shadow_horizontal_length=\u00a0\u00bb0em\u00a0\u00bb tab_text_shadow_vertical_length=\u00a0\u00bb0em\u00a0\u00bb tab_text_shadow_blur_strength=\u00a0\u00bb0em\u00a0\u00bb body_text_shadow_horizontal_length=\u00a0\u00bb0em\u00a0\u00bb body_text_shadow_vertical_length=\u00a0\u00bb0em\u00a0\u00bb body_text_shadow_blur_strength=\u00a0\u00bb0em\u00a0\u00bb]<\/p>\n<p><div class='et-learn-more clearfix'>\n\t\t\t\t\t<h3 class='heading-more'>Independant - 28-10-2014 - Odyssea (FR)<span class='et_learnmore_arrow'><span><\/span><\/span><\/h3>\n\t\t\t\t\t<div class='learn-more-content'>Le maire de Saint-Cyprien, Thierry Del Poso, se f\u00e9licite de l&rsquo;utilisation de fonds europ\u00e9ens pour le d\u00e9velopement de son port et de l&rsquo;arri\u00e8re-pays.<\/p>\n<p><a href=\"https:\/\/www.odyssea.eu\/projets\/doc\/SUDOE2\/Independant-2014-28-10-ODYSSEA.pdf\" target=\"_blank\">T\u00e9l\u00e9charger le document (PDF)<\/a><\/div>\n\t\t\t\t<\/div><div class='et-learn-more clearfix'>\n\t\t\t\t\t<h3 class='heading-more'>Programme du s\u00e9minaire officiel Odyssea SUDOE2 (FR)<span class='et_learnmore_arrow'><span><\/span><\/span><\/h3>\n\t\t\t\t\t<div class='learn-more-content'>Approuv\u00e9 et cofinanc\u00e9 par la commission europ\u00e9enne au titre du Programme Op\u00e9rationnel \u00ab INTERREG IVB SUDOE \u00bb, ODYSSEA est un projet strat\u00e9gique qui rassemble autour de la Communaut\u00e9 de Communes SUD ROUSSILLON &#8211; Chef de file (Pyr\u00e9n\u00e9es Orientales &#8211; France), la Ville de Perpignan, le Gouvernement Autonome d\u2019Andalousie\u2013Secr\u00e9tariat G\u00e9n\u00e9ral au Tourisme (Minist\u00e8re du Tourisme et du Commerce), le Gouvernement Autonome de Cantabrie-Direction G\u00e9n\u00e9rale de l\u2019Environnement (Minist\u00e8re de l\u2019Environnement, Am\u00e9nagement territorial et Urbanisme), la C\u00e2mara Municipal de Gr\u00e2ndola (Alentejo), la C\u00e2mara Municipal de Silves (Algarve) et en partenaire associ\u00e9 l\u2019Union des Villes Portuaires du Languedoc-Roussillon.<\/p>\n<p><a href=\"https:\/\/www.odyssea.eu\/projets\/doc\/SUDOE2\/programme-du-seminaire-SUDOE2.pdf\" target=\"_blank\">T\u00e9l\u00e9charger le document (FR &#8211; PDF)<\/a><\/div>\n\t\t\t\t<\/div><\/p>\n<p>[\/et_pb_tab][et_pb_tab _builder_version=\u00a0\u00bb3.0.105&Prime; title=\u00a0\u00bbPresse (FR)\u00a0\u00bb use_background_color_gradient=\u00a0\u00bboff\u00a0\u00bb background_color_gradient_start=\u00a0\u00bb#2b87da\u00a0\u00bb background_color_gradient_end=\u00a0\u00bb#29c4a9&Prime; background_color_gradient_type=\u00a0\u00bblinear\u00a0\u00bb background_color_gradient_direction=\u00a0\u00bb180deg\u00a0\u00bb background_color_gradient_direction_radial=\u00a0\u00bbcenter\u00a0\u00bb background_color_gradient_start_position=\u00a0\u00bb0%\u00a0\u00bb background_color_gradient_end_position=\u00a0\u00bb100%\u00a0\u00bb background_color_gradient_overlays_image=\u00a0\u00bboff\u00a0\u00bb parallax=\u00a0\u00bboff\u00a0\u00bb parallax_method=\u00a0\u00bbon\u00a0\u00bb background_size=\u00a0\u00bbcover\u00a0\u00bb background_position=\u00a0\u00bbcenter\u00a0\u00bb background_repeat=\u00a0\u00bbno-repeat\u00a0\u00bb background_blend=\u00a0\u00bbnormal\u00a0\u00bb allow_player_pause=\u00a0\u00bboff\u00a0\u00bb background_video_pause_outside_viewport=\u00a0\u00bbon\u00a0\u00bb tab_text_shadow_style=\u00a0\u00bbnone\u00a0\u00bb body_text_shadow_style=\u00a0\u00bbnone\u00a0\u00bb tab_text_shadow_horizontal_length=\u00a0\u00bb0em\u00a0\u00bb tab_text_shadow_vertical_length=\u00a0\u00bb0em\u00a0\u00bb tab_text_shadow_blur_strength=\u00a0\u00bb0em\u00a0\u00bb body_text_shadow_horizontal_length=\u00a0\u00bb0em\u00a0\u00bb body_text_shadow_vertical_length=\u00a0\u00bb0em\u00a0\u00bb body_text_shadow_blur_strength=\u00a0\u00bb0em\u00a0\u00bb]<\/p>\n<ul>\n<li><a href=\"https:\/\/www.odyssea.eu\/projets\/doc\/SUDOE2\/presse\/presse-st-cyprien-sudoe2.pdf\" target=\"blank\">Saint-Cyprien SUDOE2 (PDF)<\/a><\/li>\n<li><a href=\"https:\/\/www.odyssea.eu\/projets\/doc\/SUDOE2\/presse\/midilibre.pdf\" target=\"blank\">Midi Libre (PDF)<\/a><\/li>\n<li><a href=\"https:\/\/www.odyssea.eu\/projets\/doc\/SUDOE2\/presse\/lettre-info-economique-grand-sud-visent-l-excellence-avec-odyssea.pdf\" target=\"blank\">Lettre info (PDF)<\/a><\/li>\n<li><a href=\"https:\/\/www.odyssea.eu\/projets\/doc\/SUDOE2\/presse\/independant.pdf\" target=\"blank\">L&rsquo;Ind\u00e9pendant (PDF)<\/a><\/li>\n<li><a href=\"https:\/\/www.odyssea.eu\/projets\/doc\/SUDOE2\/presse\/fiche-presse.pdf\" target=\"blank\">Fiche presse (PDF)<\/a><\/li>\n<li><a href=\"https:\/\/www.odyssea.eu\/projets\/doc\/SUDOE2\/presse\/dossier-sudoe2.pdf\" target=\"blank\">Dossier SUDOE2 (PDF)<\/a><\/li>\n<li><a href=\"https:\/\/www.odyssea.eu\/projets\/doc\/SUDOE2\/presse\/fiche-de-presse.pdf\" target=\"blank\">Fiche de presse (PDF)<\/a><\/li>\n<\/ul>\n<p>[\/et_pb_tab][\/et_pb_tabs][\/et_pb_column][\/et_pb_row][\/et_pb_section]<\/p>\n","protected":false},"excerpt":{"rendered":"<p><div class=\"et_pb_row et_pb_row_0 et_pb_row_empty\">\n\t\t\t\t\n\t\t\t\t\n\t\t\t\t\n\t\t\t\t\n\t\t\t\t\n\t\t\t<\/div> <div class='et-learn-more clearfix'>\n\t\t\t\t\t<h3 class='heading-more'>Forum de capitalisation et s\u00e9minaire final - 27-10-2014 (FR)<span class='et_learnmore_arrow'><span><\/span><\/span><\/h3>\n\t\t\t\t\t<div class='learn-more-content'>Dans le cadre de la coop\u00e9ration territoriale transnationale de l&rsquo;espace Sud-ouest europ\u00e9en (SUDOE), la communaut\u00e9 de Communes Sud-Roussillon a accueilli, lundi 27 octobre, ses partenaires Espagnols et Portugais du programme SUDOE2&#8230; T\u00e9l\u00e9charger le document (FR &#8211; PDF)<\/div>\n\t\t\t\t<\/div><div class='et-learn-more clearfix'>\n\t\t\t\t\t<h3 class='heading-more'>\u00bbSud<span class='et_learnmore_arrow'><span><\/span><\/span><\/h3>\n\t\t\t\t\t<div class='learn-more-content'><\/div>\n\t\t\t\t<\/div><\/p>\n","protected":false},"author":2,"featured_media":0,"comment_status":"closed","ping_status":"closed","sticky":false,"template":"","format":"standard","meta":{"_et_pb_use_builder":"on","_et_pb_old_content":"","_et_gb_content_width":"","footnotes":""},"categories":[63],"tags":[],"class_list":["post-4078","post","type-post","status-publish","format-standard","hentry","category-sudoe2"],"_links":{"self":[{"href":"https:\/\/www.odyssea.eu\/projets\/wp-json\/wp\/v2\/posts\/4078","targetHints":{"allow":["GET"]}}],"collection":[{"href":"https:\/\/www.odyssea.eu\/projets\/wp-json\/wp\/v2\/posts"}],"about":[{"href":"https:\/\/www.odyssea.eu\/projets\/wp-json\/wp\/v2\/types\/post"}],"author":[{"embeddable":true,"href":"https:\/\/www.odyssea.eu\/projets\/wp-json\/wp\/v2\/users\/2"}],"replies":[{"embeddable":true,"href":"https:\/\/www.odyssea.eu\/projets\/wp-json\/wp\/v2\/comments?post=4078"}],"version-history":[{"count":5,"href":"https:\/\/www.odyssea.eu\/projets\/wp-json\/wp\/v2\/posts\/4078\/revisions"}],"predecessor-version":[{"id":6287,"href":"https:\/\/www.odyssea.eu\/projets\/wp-json\/wp\/v2\/posts\/4078\/revisions\/6287"}],"wp:attachment":[{"href":"https:\/\/www.odyssea.eu\/projets\/wp-json\/wp\/v2\/media?parent=4078"}],"wp:term":[{"taxonomy":"category","embeddable":true,"href":"https:\/\/www.odyssea.eu\/projets\/wp-json\/wp\/v2\/categories?post=4078"},{"taxonomy":"post_tag","embeddable":true,"href":"https:\/\/www.odyssea.eu\/projets\/wp-json\/wp\/v2\/tags?post=4078"}],"curies":[{"name":"wp","href":"https:\/\/api.w.org\/{rel}","templated":true}]}}