{"id":140157,"date":"2022-03-17T09:08:10","date_gmt":"2022-03-17T08:08:10","guid":{"rendered":"https:\/\/www.odyssea.eu\/projets\/?p=140157"},"modified":"2022-03-17T09:24:57","modified_gmt":"2022-03-17T08:24:57","slug":"gourbeyre","status":"publish","type":"post","link":"https:\/\/www.odyssea.eu\/projets\/programmes-europeens\/projets-europeens-14-20\/odyssea-sustainable-cultural-blue-routes\/gourbeyre\/","title":{"rendered":"Gourbeyre"},"content":{"rendered":"<p>[et_pb_section fb_built=\u00a0\u00bb1&Prime; fullwidth=\u00a0\u00bbon\u00a0\u00bb _builder_version=\u00a0\u00bb4.14.4&Prime; _module_preset=\u00a0\u00bbdefault\u00a0\u00bb global_colors_info=\u00a0\u00bb{}\u00a0\u00bb][et_pb_fullwidth_code _builder_version=\u00a0\u00bb4.14.4&Prime; _module_preset=\u00a0\u00bbdefault\u00a0\u00bb background_image=\u00a0\u00bbhttps:\/\/www.odyssea.eu\/projets\/wp-content\/uploads\/2022\/03\/DJI_0011-Grande-Cover.jpg\u00a0\u00bb global_colors_info=\u00a0\u00bb{}\u00a0\u00bb]<\/p>\n<div style=\"min-height: 500px;\"><!-- [et_pb_line_break_holder] --><\/div>\n<p>[\/et_pb_fullwidth_code][\/et_pb_section][et_pb_section fb_built=\u00a0\u00bb1&Prime; _builder_version=\u00a0\u00bb4.6.6&Prime; custom_margin=\u00a0\u00bb||0px|\u00a0\u00bb custom_padding=\u00a0\u00bb0px||0px||false|false\u00a0\u00bb global_colors_info=\u00a0\u00bb{}\u00a0\u00bb][et_pb_row _builder_version=\u00a0\u00bb4.14.4&Prime; custom_margin=\u00a0\u00bb||||false|false\u00a0\u00bb custom_padding=\u00a0\u00bb||||false|false\u00a0\u00bb global_colors_info=\u00a0\u00bb{}\u00a0\u00bb][et_pb_column type=\u00a0\u00bb4_4&Prime; _builder_version=\u00a0\u00bb3.25&Prime; custom_padding=\u00a0\u00bb|||\u00a0\u00bb global_colors_info=\u00a0\u00bb{}\u00a0\u00bb custom_padding__hover=\u00a0\u00bb|||\u00a0\u00bb][et_pb_post_title meta=\u00a0\u00bboff\u00a0\u00bb featured_image=\u00a0\u00bboff\u00a0\u00bb admin_label=\u00a0\u00bbOdyssea Sustainable Cultural Blue Routes\u00a0\u00bb _builder_version=\u00a0\u00bb4.14.4&Prime; title_text_align=\u00a0\u00bbcenter\u00a0\u00bb global_colors_info=\u00a0\u00bb{}\u00a0\u00bb][\/et_pb_post_title][et_pb_image src=\u00a0\u00bbhttps:\/\/www.odyssea.eu\/projets\/wp-content\/uploads\/2022\/03\/logo-BR-odyssea-gourbeyre.png\u00a0\u00bb title_text=\u00a0\u00bblogo-BR-odyssea-gourbeyre\u00a0\u00bb _builder_version=\u00a0\u00bb4.14.4&Prime; _module_preset=\u00a0\u00bbdefault\u00a0\u00bb max_width=\u00a0\u00bb400px\u00a0\u00bb module_alignment=\u00a0\u00bbcenter\u00a0\u00bb global_colors_info=\u00a0\u00bb{}\u00a0\u00bb][\/et_pb_image][et_pb_text admin_label=\u00a0\u00bbPr\u00e9sentation\u00a0\u00bb _builder_version=\u00a0\u00bb4.14.4&Prime; text_orientation=\u00a0\u00bbjustified\u00a0\u00bb global_colors_info=\u00a0\u00bb{}\u00a0\u00bb]<\/p>\n<p>De 22,5 km<sup>2<\/sup> de superficie totale, la commune de Gourbeyre se situe sur l&rsquo;\u00eele de Basse-Terre. Au nord de la commune se trouve le plateau du Palmiste (\u00e0 540 m\u00e8tres d&rsquo;altitude moyenne) qui domine la ville de Gourbeyre et au sud s&rsquo;\u00e9l\u00e8vent les monts Cara\u00efbes (culminants \u00e0 700 m environ). Le Galion s\u00e9pare le territoire de Gourbeyre de celui de Basse-Terre et de Saint-Claude et la rivi\u00e8re Sens s&rsquo;\u00e9coule dans la commune sur tout son cours.<\/p>\n<p>&nbsp;<\/p>\n<p>[\/et_pb_text][\/et_pb_column][\/et_pb_row][\/et_pb_section][et_pb_section fb_built=\u00a0\u00bb1&Prime; _builder_version=\u00a0\u00bb4.6.6&Prime; background_color=\u00a0\u00bb#f9f9f9&Prime; custom_margin=\u00a0\u00bb||0px|\u00a0\u00bb custom_padding=\u00a0\u00bb0px||0px||false|false\u00a0\u00bb global_colors_info=\u00a0\u00bb{}\u00a0\u00bb][et_pb_row _builder_version=\u00a0\u00bb3.25&Prime; custom_margin=\u00a0\u00bb||0px|\u00a0\u00bb custom_padding=\u00a0\u00bb||0px|\u00a0\u00bb global_colors_info=\u00a0\u00bb{}\u00a0\u00bb][et_pb_column type=\u00a0\u00bb4_4&Prime; _builder_version=\u00a0\u00bb3.25&Prime; custom_padding=\u00a0\u00bb|||\u00a0\u00bb global_colors_info=\u00a0\u00bb{}\u00a0\u00bb custom_padding__hover=\u00a0\u00bb|||\u00a0\u00bb][et_pb_text admin_label=\u00a0\u00bbprincipales actions\u00a0\u00bb _builder_version=\u00a0\u00bb4.14.4&Prime; text_orientation=\u00a0\u00bbjustified\u00a0\u00bb global_colors_info=\u00a0\u00bb{}\u00a0\u00bb]<\/p>\n<p style=\"text-align: left;\"><span style=\"color: #1c5fa6; font-size: 22px; text-align: left;\">LES PRINCIPALES ACTIONS<\/span><\/p>\n<p>&#8211; R\u00e9daction d\u2019une \u00ab\u00a0charte sp\u00e9cial croisi\u00e8re du futur\u00a0\u00bb, en faveur de la strat\u00e9gie des entreprises de l\u2019\u00e9conomie bleue, du tourisme durable, du slow tourisme, int\u00e9gr\u00e9es aux Croisi\u00e8res et \u00e0 l\u2019\u00e9cosyst\u00e8me des Routes Bleues\u00ae Mythiques de la Martinique et des Antilles<\/p>\n<p>&#8211; R\u00e9daction et conception graphique sous forme de Livre Bleu 2.0 du label europ\u00e9en Odyssea\u00ae, dans le respect de l\u2019application des marques et des mod\u00e8les exclusifs Odyssea\u00ae inscrits au programme Interreg Cara\u00efbes \u00ab\u00a0Odyssea\u00ae Antilles Sustainable Nautical and Cultural Blue Routes \u00bb, de la strat\u00e9gie \u00e9cotouristique de la destination Martinique, dans le cadre des Destinations Bleues d\u2019Excellence\u00ae Odyssea\u00ae<\/p>\n<p>&#8211; Cr\u00e9ation et animation en coop\u00e9ration avec ses partenaires martiniquais : Martinique D\u00e9veloppement, la Ville du Marin, la CAESM, du premier r\u00e9seau des structures et entreprises touristiques engag\u00e9es dans \u00ab le contrat de fili\u00e8re \u00bb, autour des Routes Bleues th\u00e9matiques de la Martinique et des Antilles. Cr\u00e9ation des engagements (charte par fili\u00e8re) et des produits touristiques communs en int\u00e9grant les itin\u00e9rances et les types de mobilit\u00e9 douce entre les diff\u00e9rents territoires partenaires, en maillant le territoire a\u0300 partir des Routes Bleues et leurs parcours locaux et depuis les portes d\u2019entr\u00e9e des ports, des communes et des h\u00e9bergements<\/p>\n<p>&#8211; Cr\u00e9ation et gestion dans le logiciel exclusif Odyssea\u00ae, en coop\u00e9ration avec ses partenaires martiniquais, de la premi\u00e8re application num\u00e9rique des activit\u00e9s, services, des sites, trac\u00e9s, circuits, parcours, excursions, visites, s\u00e9jours de multi-destination bleue d\u2019excellence ouverte aux autres destinations candidates au label, dans le cadre de la collection des outils num\u00e9riques exclusifs by Odyssea\u00ae : \u00ab Martinique, 1\u00e8re Destination Patrimoine Phare des Antilles \u00bb<\/p>\n<p>&#8211; Strat\u00e9gie marketing de co-promotion et de co-distribution des offres, des produits, services, \u00e9v\u00e8nements\u2026, aupr\u00e8s des agences de voyages, loueurs des tours op\u00e9rateurs, des compagnies a\u00e9riennes, des croisi\u00e9ristes\u2026<\/p>\n<p>&#8211; Cr\u00e9ation du carnet de Voyage print et 3.0, dans une offre innovante transfrontali\u00e8re sur les Routes Bleues\u00ae Mythiques de Martinique et des Antilles, en coop\u00e9ration avec ses partenaires martiniquais<\/p>\n<p>&nbsp;<\/p>\n<p>[\/et_pb_text][\/et_pb_column][\/et_pb_row][\/et_pb_section][et_pb_section fb_built=\u00a0\u00bb1&Prime; _builder_version=\u00a0\u00bb4.6.6&Prime; custom_margin=\u00a0\u00bb||0px|\u00a0\u00bb custom_padding=\u00a0\u00bb0px||0px||false|false\u00a0\u00bb global_colors_info=\u00a0\u00bb{}\u00a0\u00bb][et_pb_row _builder_version=\u00a0\u00bb3.25&Prime; custom_margin=\u00a0\u00bb||0px|\u00a0\u00bb custom_padding=\u00a0\u00bb||0px|\u00a0\u00bb global_colors_info=\u00a0\u00bb{}\u00a0\u00bb][et_pb_column type=\u00a0\u00bb4_4&Prime; _builder_version=\u00a0\u00bb3.25&Prime; custom_padding=\u00a0\u00bb|||\u00a0\u00bb global_colors_info=\u00a0\u00bb{}\u00a0\u00bb custom_padding__hover=\u00a0\u00bb|||\u00a0\u00bb][et_pb_text admin_label=\u00a0\u00bbbenefices\u00a0\u00bb _builder_version=\u00a0\u00bb4.6.6&Prime; text_orientation=\u00a0\u00bbjustified\u00a0\u00bb global_colors_info=\u00a0\u00bb{}\u00a0\u00bb]<\/p>\n<p style=\"text-align: left;\"><span style=\"color: #1c5fa6; font-size: 22px; text-align: left;\">LES B\u00c9N\u00c9FICES ATTENDUS<\/span><\/p>\n<ul>\n<li>Capitaliser les promotions communes et \u00eatre devenue une destination phare, de ce bassin de navigation.<\/li>\n<li>Avoir b\u00e9n\u00e9fici\u00e9 d\u2019outils de communication innovants et attractifs communs aux partenaires.<\/li>\n<li>Avoir b\u00e9n\u00e9fici\u00e9 d\u2019une logique et m\u00e9thode de touristique durable gr\u00e2ce \u00e0 une meilleure prise en compte des particularismes et des enjeux territoriaux, mais aussi des attentes de l\u2019ensemble des acteurs de la cha\u00eene de valeur touristique.<\/li>\n<li>Avoir b\u00e9n\u00e9fici\u00e9 d\u2019outils de communication papier et num\u00e9riques communs aux partenaires.<\/li>\n<li>Avoir engag\u00e9 la destination Gourbeyre dans de nouveaux partenariats de promotion conjointe avec les territoires partenaires.<\/li>\n<li>Avoir engag\u00e9 les prestataires touristiques de la destination Gourbeyre sur de nouveaux partenariats innovants et durables de multi-destination.<\/li>\n<li>Avoir facilit\u00e9 les flux touristiques entre les destinations partenaires par les outils de communication papier.<\/li>\n<li>Avoir facilit\u00e9, par de nouveaux partenariats, une am\u00e9lioration de la main d\u2019\u0153uvre en termes d\u2019accueil touristique par un \u00e9change de bonnes pratiques.<\/li>\n<li>Avoir b\u00e9n\u00e9fici\u00e9 d\u2019outils de communication print et num\u00e9riques.<\/li>\n<li>Avoir favoris\u00e9 la mont\u00e9e en gamme de son territoire.<\/li>\n<li>Avoir impact\u00e9 de mani\u00e8re significative l\u2019\u00e9conomie touristique de la destination pour mettre en \u0153uvre une dynamique vertueuse, p\u00e9renne et solidaire pour les ann\u00e9es \u00e0 venir.<\/li>\n<li>Par le d\u00e9veloppement du projet, avoir cr\u00e9\u00e9 une offre touristique structur\u00e9e par un marketing d\u00e9di\u00e9, autour de 5 th\u00e9matiques d\u2019escales, et r\u00e9pondant aux attentes des client\u00e8les touristiques.<\/li>\n<\/ul>\n<p><\/p>\n<p>&nbsp;<\/p>\n<p>[\/et_pb_text][\/et_pb_column][\/et_pb_row][\/et_pb_section][et_pb_section fb_built=\u00a0\u00bb1&Prime; _builder_version=\u00a0\u00bb4.6.6&Prime; background_color=\u00a0\u00bb#f9f9f9&Prime; custom_margin=\u00a0\u00bb||0px|\u00a0\u00bb custom_padding=\u00a0\u00bb0px||0px||false|false\u00a0\u00bb global_colors_info=\u00a0\u00bb{}\u00a0\u00bb][et_pb_row _builder_version=\u00a0\u00bb3.25&Prime; custom_margin=\u00a0\u00bb||0px|\u00a0\u00bb custom_padding=\u00a0\u00bb||0px|\u00a0\u00bb global_colors_info=\u00a0\u00bb{}\u00a0\u00bb][et_pb_column type=\u00a0\u00bb4_4&Prime; _builder_version=\u00a0\u00bb3.25&Prime; custom_padding=\u00a0\u00bb|||\u00a0\u00bb global_colors_info=\u00a0\u00bb{}\u00a0\u00bb custom_padding__hover=\u00a0\u00bb|||\u00a0\u00bb][et_pb_text admin_label=\u00a0\u00bbR\u00f4le\u00a0\u00bb _builder_version=\u00a0\u00bb4.6.6&Prime; text_orientation=\u00a0\u00bbjustified\u00a0\u00bb global_colors_info=\u00a0\u00bb{}\u00a0\u00bb]<\/p>\n<p style=\"text-align: left;\"><span style=\"color: #1c5fa6; font-size: 22px; text-align: left;\">R\u00d4LE ET PARTICIPATION DANS LE PROJET<\/span><\/p>\n<p>La Ville de Gourbeyre prendra part, pour un bon d\u00e9roulement du projet, aux diff\u00e9rents comit\u00e9s de pilotage, aux diff\u00e9rents comit\u00e9s techniques, aux diff\u00e9rents comit\u00e9s de direction, au comit\u00e9 scientifique, au respect du chronogramme de ses actions, au contr\u00f4le de ses d\u00e9penses, \u00e0 la bonne organisation et gestion administrative de ses actions. La Ville de Gourbeyre sera pr\u00e9sente lors du s\u00e9minaire de lancement et du s\u00e9minaire de cl\u00f4ture du projet.<\/p>\n<p>La Ville de Gourbeyre travaillera avec le chef de file \u00e0 la bonne r\u00e9ussite du projet avec les outils d\u00e9cid\u00e9s, adapt\u00e9s, \u00e0 la r\u00e9daction et remont\u00e9e des indicateurs de r\u00e9sultats, des crit\u00e8res d\u2019\u00e9valuation. Elle r\u00e9pondra aux demandes des Services du Programme Op\u00e9rationnel Cara\u00efbes. La Ville de Gourbeyre validera les contenus, les orientations techniques et conceptuelles et les partagera avec le partenariat.<\/p>\n<p>La Ville de Gourbeyre organisera des r\u00e9unions d\u2019information aupr\u00e8s des acteurs touristiques locaux.<\/p>\n<p>La Ville de Gourbeyre r\u00e9digera les cahiers des charges et lancera les march\u00e9s.<\/p>\n<p>La Ville de Gourbeyre administra son espace sur le site intranet du projet permettant la collaboration entre les partenaires et la diffusion des best practices de chaque territoire aupr\u00e8s des institutionnels, des pays et r\u00e9gions partenaires b\u00e9n\u00e9ficiaires ou non b\u00e9n\u00e9ficiaires, du Service Conjoint et de l\u2019Autorit\u00e9 Unique de Gestion du Programme Interreg Cara\u00efbes, de la presse locale, r\u00e9gionale&#8230;<\/p>\n<p>La Ville de Gourbeyre r\u00e9digera sa strat\u00e9gie marketing de l&rsquo;itin\u00e9rance \u00e9cotouristique th\u00e9matique de la destination Gourbeyre dans le cadre d\u2019une strat\u00e9gie transfrontali\u00e8re.<\/p>\n<p>La Ville de Gourbeyre cr\u00e9era des offres et de produits touristiques des routes bleues durables des Antilles avec les h\u00e9bergements (produits packag\u00e9s au d\u00e9part des h\u00e9bergements vers les sites touristiques et les partenaires des routes bleues culturelles durables des Antilles).<\/p>\n<p>La Ville de Gourbeyre cr\u00e9era des smart outils de signal\u00e9tiques et de signalisation des routes bleues durables.<\/p>\n<p>La Ville de Gourbeyre animera sur son territoire l\u2019\u00e9ductour multi-destination bleue et verte d\u2019excellence, transf\u00e9rable et ouvert aux autres destinations du bassin de navigation.<\/p>\n<p>&nbsp;<\/p>\n<p>[\/et_pb_text][\/et_pb_column][\/et_pb_row][\/et_pb_section][et_pb_section fb_built=\u00a0\u00bb1&Prime; _builder_version=\u00a0\u00bb4.6.6&Prime; _module_preset=\u00a0\u00bbdefault\u00a0\u00bb global_colors_info=\u00a0\u00bb{}\u00a0\u00bb][et_pb_row use_custom_gutter=\u00a0\u00bbon\u00a0\u00bb gutter_width=\u00a0\u00bb2&Prime; _builder_version=\u00a0\u00bb4.6.6&Prime; _module_preset=\u00a0\u00bbdefault\u00a0\u00bb global_colors_info=\u00a0\u00bb{}\u00a0\u00bb][et_pb_column type=\u00a0\u00bb4_4&Prime; _builder_version=\u00a0\u00bb4.6.6&Prime; _module_preset=\u00a0\u00bbdefault\u00a0\u00bb global_colors_info=\u00a0\u00bb{}\u00a0\u00bb][et_pb_text admin_label=\u00a0\u00bbLiens\u00a0\u00bb _builder_version=\u00a0\u00bb4.14.4&Prime; global_colors_info=\u00a0\u00bb{}\u00a0\u00bb]<\/p>\n<p style=\"text-align: left;\"><strong>Site internet :<\/strong>\u00a0<a href=\"http:\/\/www.ville-gourbeyre.fr\/\" target=\"_blank\" rel=\"noopener noreferrer\">www.ville-gourbeyre.fr<\/a><\/p>\n<p style=\"text-align: left;\"><strong>Facebook :<\/strong> <a href=\"https:\/\/www.facebook.com\/Ville-De-Gourbeyre-421612548049349\" target=\"_blank\" rel=\"noopener noreferrer\">@Ville-De-Gourbeyre-421612548049349<\/a><\/p>\n<p>[\/et_pb_text][\/et_pb_column][\/et_pb_row][et_pb_row _builder_version=\u00a0\u00bb4.6.6&Prime; _module_preset=\u00a0\u00bbdefault\u00a0\u00bb global_colors_info=\u00a0\u00bb{}\u00a0\u00bb][et_pb_column type=\u00a0\u00bb4_4&Prime; _builder_version=\u00a0\u00bb4.6.6&Prime; _module_preset=\u00a0\u00bbdefault\u00a0\u00bb global_colors_info=\u00a0\u00bb{}\u00a0\u00bb][et_pb_gallery gallery_ids=\u00a0\u00bb140206,140207,140210,140209&Prime; show_title_and_caption=\u00a0\u00bboff\u00a0\u00bb show_pagination=\u00a0\u00bboff\u00a0\u00bb _builder_version=\u00a0\u00bb4.14.4&Prime; _module_preset=\u00a0\u00bbdefault\u00a0\u00bb global_colors_info=\u00a0\u00bb{}\u00a0\u00bb][\/et_pb_gallery][\/et_pb_column][\/et_pb_row][\/et_pb_section][et_pb_section fb_built=\u00a0\u00bb1&Prime; fullwidth=\u00a0\u00bbon\u00a0\u00bb _builder_version=\u00a0\u00bb4.6.6&Prime; _module_preset=\u00a0\u00bbdefault\u00a0\u00bb global_module=\u00a0\u00bb9281&Prime; saved_tabs=\u00a0\u00bball\u00a0\u00bb global_colors_info=\u00a0\u00bb{}\u00a0\u00bb][et_pb_fullwidth_image src=\u00a0\u00bbhttps:\/\/www.odyssea.eu\/projets\/wp-content\/uploads\/2021\/10\/bande-OBR-ligne.jpg\u00a0\u00bb title_text=\u00a0\u00bbbande-OBR-ligne\u00a0\u00bb _builder_version=\u00a0\u00bb4.10.3&Prime; _module_preset=\u00a0\u00bbdefault\u00a0\u00bb width=\u00a0\u00bb90%\u00a0\u00bb module_alignment=\u00a0\u00bbcenter\u00a0\u00bb custom_padding=\u00a0\u00bb42px|||||\u00a0\u00bb global_colors_info=\u00a0\u00bb{}\u00a0\u00bb][\/et_pb_fullwidth_image][\/et_pb_section]<\/p>\n","protected":false},"excerpt":{"rendered":"<p>De 22,5 km2 de superficie totale, la commune de Gourbeyre se situe sur l&rsquo;\u00eele de Basse-Terre. Au nord de la commune se trouve le plateau du Palmiste (\u00e0 540 m\u00e8tres d&rsquo;altitude moyenne) qui domine la ville de Gourbeyre et au sud s&rsquo;\u00e9l\u00e8vent les monts Cara\u00efbes (culminants \u00e0 700 m environ). Le Galion s\u00e9pare le territoire [&hellip;]<\/p>\n","protected":false},"author":2,"featured_media":0,"comment_status":"closed","ping_status":"closed","sticky":false,"template":"","format":"standard","meta":{"_et_pb_use_builder":"on","_et_pb_old_content":"","_et_gb_content_width":"","footnotes":""},"categories":[117],"tags":[],"class_list":["post-140157","post","type-post","status-publish","format-standard","hentry","category-odyssea-sustainable-cultural-blue-routes"],"_links":{"self":[{"href":"https:\/\/www.odyssea.eu\/projets\/wp-json\/wp\/v2\/posts\/140157","targetHints":{"allow":["GET"]}}],"collection":[{"href":"https:\/\/www.odyssea.eu\/projets\/wp-json\/wp\/v2\/posts"}],"about":[{"href":"https:\/\/www.odyssea.eu\/projets\/wp-json\/wp\/v2\/types\/post"}],"author":[{"embeddable":true,"href":"https:\/\/www.odyssea.eu\/projets\/wp-json\/wp\/v2\/users\/2"}],"replies":[{"embeddable":true,"href":"https:\/\/www.odyssea.eu\/projets\/wp-json\/wp\/v2\/comments?post=140157"}],"version-history":[{"count":5,"href":"https:\/\/www.odyssea.eu\/projets\/wp-json\/wp\/v2\/posts\/140157\/revisions"}],"predecessor-version":[{"id":140274,"href":"https:\/\/www.odyssea.eu\/projets\/wp-json\/wp\/v2\/posts\/140157\/revisions\/140274"}],"wp:attachment":[{"href":"https:\/\/www.odyssea.eu\/projets\/wp-json\/wp\/v2\/media?parent=140157"}],"wp:term":[{"taxonomy":"category","embeddable":true,"href":"https:\/\/www.odyssea.eu\/projets\/wp-json\/wp\/v2\/categories?post=140157"},{"taxonomy":"post_tag","embeddable":true,"href":"https:\/\/www.odyssea.eu\/projets\/wp-json\/wp\/v2\/tags?post=140157"}],"curies":[{"name":"wp","href":"https:\/\/api.w.org\/{rel}","templated":true}]}}