{"id":10689,"date":"2020-10-27T11:07:48","date_gmt":"2020-10-27T10:07:48","guid":{"rendered":"https:\/\/www.odyssea.eu\/projets\/?p=10689"},"modified":"2020-11-09T14:48:30","modified_gmt":"2020-11-09T13:48:30","slug":"collectivite-territoriale-de-martinique","status":"publish","type":"post","link":"https:\/\/www.odyssea.eu\/projets\/programmes-europeens\/projets-europeens-14-20\/odyssea-sustainable-cultural-blue-routes\/collectivite-territoriale-de-martinique\/","title":{"rendered":"Collectivit\u00e9 Territoriale de Martinique"},"content":{"rendered":"<p>[et_pb_section fb_built=\u00a0\u00bb1&Prime; fullwidth=\u00a0\u00bbon\u00a0\u00bb _builder_version=\u00a0\u00bb4.6.6&Prime; _module_preset=\u00a0\u00bbdefault\u00a0\u00bb global_module=\u00a0\u00bb9205&Prime;][et_pb_fullwidth_menu menu_id=\u00a0\u00bb116&Prime; submenu_direction=\u00a0\u00bbdownwards\u00a0\u00bb fullwidth_menu=\u00a0\u00bbon\u00a0\u00bb dropdown_menu_bg_color=\u00a0\u00bb#333333&Prime; module_id=\u00a0\u00bbcaraibesMenu\u00a0\u00bb module_class=\u00a0\u00bbhorizontalMenu\u00a0\u00bb _builder_version=\u00a0\u00bb4.6.6&Prime; background_color=\u00a0\u00bb#333333&Prime;][\/et_pb_fullwidth_menu][\/et_pb_section][et_pb_section fb_built=\u00a0\u00bb1&Prime; fullwidth=\u00a0\u00bbon\u00a0\u00bb _builder_version=\u00a0\u00bb4.6.6&Prime; _module_preset=\u00a0\u00bbdefault\u00a0\u00bb][et_pb_fullwidth_code _builder_version=\u00a0\u00bb4.6.6&Prime; _module_preset=\u00a0\u00bbdefault\u00a0\u00bb background_image=\u00a0\u00bbhttps:\/\/www.odyssea.eu\/projets\/wp-content\/uploads\/2018\/03\/KakyakAnseMarin.jpeg.jpg\u00a0\u00bb]<\/p>\n<div style=\"min-height: 500px;\"><!-- [et_pb_line_break_holder] --><\/div>\n<p>[\/et_pb_fullwidth_code][\/et_pb_section][et_pb_section fb_built=\u00a0\u00bb1&Prime; _builder_version=\u00a0\u00bb4.6.6&Prime; custom_margin=\u00a0\u00bb||0px|\u00a0\u00bb custom_padding=\u00a0\u00bb0px||0px||false|false\u00a0\u00bb][et_pb_row _builder_version=\u00a0\u00bb3.25&Prime; custom_margin=\u00a0\u00bb||0px|\u00a0\u00bb custom_padding=\u00a0\u00bb||0px|\u00a0\u00bb][et_pb_column type=\u00a0\u00bb4_4&Prime; _builder_version=\u00a0\u00bb3.25&Prime; custom_padding=\u00a0\u00bb|||\u00a0\u00bb custom_padding__hover=\u00a0\u00bb|||\u00a0\u00bb][et_pb_post_title meta=\u00a0\u00bboff\u00a0\u00bb featured_image=\u00a0\u00bboff\u00a0\u00bb admin_label=\u00a0\u00bbOdyssea Sustainable Cultural Blue Routes\u00a0\u00bb _builder_version=\u00a0\u00bb4.0.4&Prime; title_text_align=\u00a0\u00bbcenter\u00a0\u00bb][\/et_pb_post_title][et_pb_text _builder_version=\u00a0\u00bb4.6.6&Prime; hover_enabled=\u00a0\u00bb0&Prime; sticky_enabled=\u00a0\u00bb0&Prime;]<\/p>\n<p>La collectivit\u00e9 territoriale de Martinique (CTM) est une collectivit\u00e9 territoriale unique fran\u00e7aise qui succ\u00e8de au d\u00e9partement et \u00e0 la r\u00e9gion d\u2019outre-mer de la Martinique dans tous leurs droits et obligations au 1<sup>er<\/sup><span>\u00a0<\/span>janvier 2016.<\/p>\n<p>La Collectivit\u00e9 de Territoriale de Martinique est partenaire associ\u00e9 est participe aux diff\u00e9rents comit\u00e9s de r\u00e9alisation des offres et des produits touristiques, \u00e0 l\u2019\u00e9tude de la connectivit\u00e9 a\u00e9rienne et aux diff\u00e9rents s\u00e9minaires.<\/p>\n<p>&nbsp;<\/p>\n<p style=\"text-align: left;\"><strong>Site internet :<\/strong>\u00a0<a href=\"https:\/\/www.collectivitedemartinique.mq\/\" target=\"_blank\" rel=\"noopener noreferrer\">www.collectivitedemartinique.mq<\/a><br \/> <span style=\"color: #1c5fa6; font-size: 22px; text-align: left;\"><\/span><\/p>\n<p style=\"text-align: left;\"><strong>Facebook :<\/strong> <a href=\"https:\/\/www.facebook.com\/CTM-Collectivite-Territoriale-de-Martinique-225294231135371\/\" target=\"_blank\" rel=\"noopener noreferrer\">@CTM-Collectivite-Territoriale-de-Martinique<\/a><\/p>\n<p style=\"text-align: left;\"><strong>Twitter :<\/strong> <a href=\"https:\/\/twitter.com\/CTM_Martinique\" target=\"_blank\" rel=\"noopener noreferrer\">@CTM_Martinque<\/a><\/p>\n<p style=\"text-align: left;\"><strong>Instagram :\u00a0<\/strong><a href=\"https:\/\/www.instagram.com\/ctm_martinique\/\" target=\"_blank\" rel=\"noopener noreferrer\">@ctm_martinique<\/a><\/p>\n<p style=\"text-align: left;\"><strong>Youtube :<\/strong> <a href=\"https:\/\/www.youtube.com\/channel\/UCowN7FsTfImpaqJ4v8yYGBw\" target=\"_blank\" rel=\"noopener noreferrer\">Collectivit\u00e9 Territoriale de Martinique<\/a><\/p>\n<p><b><\/b><\/p>\n<p>[\/et_pb_text][\/et_pb_column][\/et_pb_row][et_pb_row use_custom_gutter=\u00a0\u00bbon\u00a0\u00bb gutter_width=\u00a0\u00bb2&Prime; disabled_on=\u00a0\u00bbon|on|on\u00a0\u00bb _builder_version=\u00a0\u00bb4.6.6&Prime; _module_preset=\u00a0\u00bbdefault\u00a0\u00bb disabled=\u00a0\u00bbon\u00a0\u00bb][et_pb_column type=\u00a0\u00bb4_4&Prime; _builder_version=\u00a0\u00bb4.6.6&Prime; _module_preset=\u00a0\u00bbdefault\u00a0\u00bb][et_pb_gallery gallery_ids=\u00a0\u00bb9412,9411,9410&Prime; show_title_and_caption=\u00a0\u00bboff\u00a0\u00bb show_pagination=\u00a0\u00bboff\u00a0\u00bb _builder_version=\u00a0\u00bb4.6.6&Prime; _module_preset=\u00a0\u00bbdefault\u00a0\u00bb][\/et_pb_gallery][\/et_pb_column][\/et_pb_row][\/et_pb_section][et_pb_section fb_built=\u00a0\u00bb1&Prime; fullwidth=\u00a0\u00bbon\u00a0\u00bb _builder_version=\u00a0\u00bb4.6.6&Prime; _module_preset=\u00a0\u00bbdefault\u00a0\u00bb global_module=\u00a0\u00bb9281&Prime; saved_tabs=\u00a0\u00bball\u00a0\u00bb][et_pb_fullwidth_image src=\u00a0\u00bbhttps:\/\/www.odyssea.eu\/projets\/wp-content\/uploads\/2018\/03\/Capture-d\u2019\u00e9cran-2020-01-06-\u00e0-07.16.12.png\u00a0\u00bb title_text=\u00a0\u00bbCapture d\u2019\u00e9cran 2020-01-06 \u00e0 07.16.12&Prime; _builder_version=\u00a0\u00bb4.6.6&Prime; _module_preset=\u00a0\u00bbdefault\u00a0\u00bb custom_padding=\u00a0\u00bb42px|||||\u00a0\u00bb][\/et_pb_fullwidth_image][\/et_pb_section]<\/p>\n","protected":false},"excerpt":{"rendered":"<p>La collectivit\u00e9 territoriale de Martinique (CTM) est une collectivit\u00e9 territoriale unique fran\u00e7aise qui succ\u00e8de au d\u00e9partement et \u00e0 la r\u00e9gion d\u2019outre-mer de la Martinique dans tous leurs droits et obligations au 1er\u00a0janvier 2016. La Collectivit\u00e9 de Territoriale de Martinique est partenaire associ\u00e9 est participe aux diff\u00e9rents comit\u00e9s de r\u00e9alisation des offres et des produits touristiques, [&hellip;]<\/p>\n","protected":false},"author":2,"featured_media":0,"comment_status":"closed","ping_status":"closed","sticky":false,"template":"","format":"standard","meta":{"_et_pb_use_builder":"on","_et_pb_old_content":"","_et_gb_content_width":"","footnotes":""},"categories":[117],"tags":[],"class_list":["post-10689","post","type-post","status-publish","format-standard","hentry","category-odyssea-sustainable-cultural-blue-routes"],"_links":{"self":[{"href":"https:\/\/www.odyssea.eu\/projets\/wp-json\/wp\/v2\/posts\/10689","targetHints":{"allow":["GET"]}}],"collection":[{"href":"https:\/\/www.odyssea.eu\/projets\/wp-json\/wp\/v2\/posts"}],"about":[{"href":"https:\/\/www.odyssea.eu\/projets\/wp-json\/wp\/v2\/types\/post"}],"author":[{"embeddable":true,"href":"https:\/\/www.odyssea.eu\/projets\/wp-json\/wp\/v2\/users\/2"}],"replies":[{"embeddable":true,"href":"https:\/\/www.odyssea.eu\/projets\/wp-json\/wp\/v2\/comments?post=10689"}],"version-history":[{"count":5,"href":"https:\/\/www.odyssea.eu\/projets\/wp-json\/wp\/v2\/posts\/10689\/revisions"}],"predecessor-version":[{"id":15464,"href":"https:\/\/www.odyssea.eu\/projets\/wp-json\/wp\/v2\/posts\/10689\/revisions\/15464"}],"wp:attachment":[{"href":"https:\/\/www.odyssea.eu\/projets\/wp-json\/wp\/v2\/media?parent=10689"}],"wp:term":[{"taxonomy":"category","embeddable":true,"href":"https:\/\/www.odyssea.eu\/projets\/wp-json\/wp\/v2\/categories?post=10689"},{"taxonomy":"post_tag","embeddable":true,"href":"https:\/\/www.odyssea.eu\/projets\/wp-json\/wp\/v2\/tags?post=10689"}],"curies":[{"name":"wp","href":"https:\/\/api.w.org\/{rel}","templated":true}]}}