{"id":10664,"date":"2020-10-27T11:07:04","date_gmt":"2020-10-27T10:07:04","guid":{"rendered":"https:\/\/www.odyssea.eu\/projets\/?p=10664"},"modified":"2020-10-28T07:43:56","modified_gmt":"2020-10-28T06:43:56","slug":"ministere-du-tourisme-de-linformation-et-de-la-radiodiffusion-de-sainte-lucie","status":"publish","type":"post","link":"https:\/\/www.odyssea.eu\/projets\/programmes-europeens\/projets-europeens-14-20\/odyssea-sustainable-cultural-blue-routes\/ministere-du-tourisme-de-linformation-et-de-la-radiodiffusion-de-sainte-lucie\/","title":{"rendered":"Minist\u00e8re du Tourisme, de l\u2019Information et de la Radiodiffusion de Sainte-Lucie"},"content":{"rendered":"<p>[et_pb_section fb_built=\u00a0\u00bb1&Prime; fullwidth=\u00a0\u00bbon\u00a0\u00bb _builder_version=\u00a0\u00bb4.6.6&Prime; _module_preset=\u00a0\u00bbdefault\u00a0\u00bb global_module=\u00a0\u00bb9205&Prime;][et_pb_fullwidth_menu menu_id=\u00a0\u00bb116&Prime; submenu_direction=\u00a0\u00bbdownwards\u00a0\u00bb fullwidth_menu=\u00a0\u00bbon\u00a0\u00bb module_id=\u00a0\u00bbcaraibesMenu\u00a0\u00bb module_class=\u00a0\u00bbhorizontalMenu\u00a0\u00bb _builder_version=\u00a0\u00bb4.6.6&Prime; background_color=\u00a0\u00bb#333333&Prime;][\/et_pb_fullwidth_menu][\/et_pb_section][et_pb_section fb_built=\u00a0\u00bb1&Prime; fullwidth=\u00a0\u00bbon\u00a0\u00bb _builder_version=\u00a0\u00bb4.6.6&Prime; _module_preset=\u00a0\u00bbdefault\u00a0\u00bb][et_pb_fullwidth_code _builder_version=\u00a0\u00bb4.6.6&Prime; _module_preset=\u00a0\u00bbdefault\u00a0\u00bb background_image=\u00a0\u00bbhttps:\/\/www.odyssea.eu\/projets\/wp-content\/uploads\/2020\/10\/SaintLucia_PigeonIsland.jpg\u00a0\u00bb]<\/p>\n<div style=\"min-height: 500px;\"><!-- [et_pb_line_break_holder] --><\/div>\n<p>[\/et_pb_fullwidth_code][\/et_pb_section][et_pb_section fb_built=\u00a0\u00bb1&Prime; _builder_version=\u00a0\u00bb4.6.6&Prime; custom_margin=\u00a0\u00bb||0px|\u00a0\u00bb custom_padding=\u00a0\u00bb0px||0px||false|false\u00a0\u00bb][et_pb_row _builder_version=\u00a0\u00bb3.25&Prime; custom_margin=\u00a0\u00bb||0px|\u00a0\u00bb custom_padding=\u00a0\u00bb||0px|\u00a0\u00bb][et_pb_column type=\u00a0\u00bb4_4&Prime; _builder_version=\u00a0\u00bb3.25&Prime; custom_padding=\u00a0\u00bb|||\u00a0\u00bb custom_padding__hover=\u00a0\u00bb|||\u00a0\u00bb][et_pb_post_title meta=\u00a0\u00bboff\u00a0\u00bb featured_image=\u00a0\u00bboff\u00a0\u00bb admin_label=\u00a0\u00bbOdyssea Sustainable Cultural Blue Routes\u00a0\u00bb _builder_version=\u00a0\u00bb4.0.4&Prime; title_text_align=\u00a0\u00bbcenter\u00a0\u00bb][\/et_pb_post_title][et_pb_text _builder_version=\u00a0\u00bb4.6.6&Prime; hover_enabled=\u00a0\u00bb0&Prime; sticky_enabled=\u00a0\u00bb0&Prime;]<\/p>\n<p>Situ\u00e9e sur le bord oriental de la mer des Cara\u00efbes, Sainte-Lucie fait partie des \u00eeles du Vent ; elle est situ\u00e9e entre les \u00eeles de Saint-Vincent-et-les-Grenadines au sud, la Barbade au sud-est, et la Martinique au nord. Sa superficie est de 620 km2 pour une population estim\u00e9e \u00e0 187 768 habitants. Sa capitale est Castries.<\/p>\n<p style=\"text-align: left;\"><span style=\"color: #1c5fa6; font-size: 22px; text-align: left;\">LA PARTICIPATION DU PARTENAIRE<\/span><\/p>\n<p>&#8211; \u00c9change d&rsquo;informations de base sur l&rsquo;environnement local (par exemple : donn\u00e9es sur l&#8217;emploi, politiques et orientations du pays en mati\u00e8re de tourisme, plan de d\u00e9veloppement durable si disponible, \u00e9tudes de march\u00e9 si disponibles, informations).<\/p>\n<p>&#8211; Participer \u00e0 un comit\u00e9 de pilotage en relation avec la mise en \u0153uvre des actions propos\u00e9es.<\/p>\n<p>&#8211; Participer au partage des Best practices et des strat\u00e9gies communes transfrontali\u00e8res, en ce qui concerne\u00a0les routes bleues mythiques.<\/p>\n<p style=\"text-align: left;\"><span style=\"color: #1c5fa6; font-size: 22px; text-align: left;\"><span>LES PRINCIPALES ACTIONS<\/span><\/span><\/p>\n<p style=\"text-align: left;\">&#8211; Renforcement de la coop\u00e9ration r\u00e9gionale en mati\u00e8re de tourisme et de d\u00e9veloppement durable.<\/p>\n<p style=\"text-align: left;\">&#8211; \u00c9tude sur la connectivit\u00e9 a\u00e9rienne.<\/p>\n<p style=\"text-align: left;\">&#8211; Apporter des solutions communes concernant la bonne gestion l&rsquo;attractivit\u00e9 des destinations en mati\u00e8re de tourisme culturel et durable transfrontalier.<\/p>\n<p style=\"text-align: left;\">&#8211; Faire reconna\u00eetre la destination Sainte-Lucie au travers des salons et des manifestations<\/p>\n<p style=\"text-align: left;\">&#8211; Faire reconna\u00eetre la destination Sainte-Lucie au travers des outils de communication print et num\u00e9riques<\/p>\n<p style=\"text-align: left;\">&#8211; Recherche et d\u00e9veloppement dans les secteurs int\u00e9gr\u00e9s de la croissance bleue et verte.<\/p>\n<p style=\"text-align: left;\">&#8211; B\u00e9n\u00e9ficier de l&rsquo;expertise fran\u00e7aise en mati\u00e8re de tourisme durable, de valorisation culturelle et patrimoniale.<\/p>\n<p style=\"text-align: left;\">&#8211; B\u00e9n\u00e9ficier des \u00e9changes des client\u00e8les avec les territoires transfrontaliers partenaires.<\/p>\n<p>&nbsp;<\/p>\n<p style=\"text-align: left;\"><strong>Site internet :<\/strong>\u00a0<a href=\"https:\/\/www.stlucia.org\/fr\/\" target=\"_blank\" rel=\"noopener noreferrer\">www.stlucia.org<\/a><br \/> <span style=\"color: #1c5fa6; font-size: 22px; text-align: left;\"><\/span><\/p>\n<p style=\"text-align: left;\"><strong>Facebook :<\/strong> <a href=\"https:\/\/www.facebook.com\/TravelSaintLucia\/\" target=\"_blank\" rel=\"noopener noreferrer\">@TravelSaintLucia<\/a><\/p>\n<p style=\"text-align: left;\"><strong>Twitter :<\/strong> <a href=\"https:\/\/twitter.com\/Travel_StLucia?lang=en\" target=\"_blank\" rel=\"noopener noreferrer\">@Travel_StLucia<\/a><\/p>\n<p style=\"text-align: left;\"><strong>Instagram :<\/strong>\u00a0<a href=\"https:\/\/www.instagram.com\/travelsaintlucia\/\" target=\"_blank\" rel=\"noopener noreferrer\">@travelsaintlucia<\/a><\/p>\n<p style=\"text-align: left;\"><strong>Youtube :<\/strong> <a href=\"https:\/\/www.youtube.com\/user\/saintlucianow\" target=\"_blank\" rel=\"noopener noreferrer\">Saint Lucia Now<\/a><\/p>\n<p style=\"text-align: left;\"><strong>Pinterest :<\/strong>\u00a0<a href=\"https:\/\/www.pinterest.com\/TravelSaintLucia\/\" target=\"_blank\" rel=\"noopener noreferrer\">TravelSaintLucia<\/a><\/p>\n<p><b><\/b><\/p>\n<p>[\/et_pb_text][\/et_pb_column][\/et_pb_row][et_pb_row use_custom_gutter=\u00a0\u00bbon\u00a0\u00bb gutter_width=\u00a0\u00bb2&Prime; disabled_on=\u00a0\u00bbon|on|on\u00a0\u00bb _builder_version=\u00a0\u00bb4.6.6&Prime; _module_preset=\u00a0\u00bbdefault\u00a0\u00bb disabled=\u00a0\u00bbon\u00a0\u00bb][et_pb_column type=\u00a0\u00bb4_4&Prime; _builder_version=\u00a0\u00bb4.6.6&Prime; _module_preset=\u00a0\u00bbdefault\u00a0\u00bb][et_pb_gallery gallery_ids=\u00a0\u00bb9412,9411,9410&Prime; show_title_and_caption=\u00a0\u00bboff\u00a0\u00bb show_pagination=\u00a0\u00bboff\u00a0\u00bb _builder_version=\u00a0\u00bb4.6.6&Prime; _module_preset=\u00a0\u00bbdefault\u00a0\u00bb][\/et_pb_gallery][\/et_pb_column][\/et_pb_row][\/et_pb_section][et_pb_section fb_built=\u00a0\u00bb1&Prime; fullwidth=\u00a0\u00bbon\u00a0\u00bb _builder_version=\u00a0\u00bb4.6.6&Prime; _module_preset=\u00a0\u00bbdefault\u00a0\u00bb global_module=\u00a0\u00bb9281&Prime; saved_tabs=\u00a0\u00bball\u00a0\u00bb][et_pb_fullwidth_image src=\u00a0\u00bbhttps:\/\/www.odyssea.eu\/projets\/wp-content\/uploads\/2018\/03\/Capture-d\u2019\u00e9cran-2020-01-06-\u00e0-07.16.12.png\u00a0\u00bb title_text=\u00a0\u00bbCapture d\u2019\u00e9cran 2020-01-06 \u00e0 07.16.12&Prime; _builder_version=\u00a0\u00bb4.6.6&Prime; _module_preset=\u00a0\u00bbdefault\u00a0\u00bb custom_padding=\u00a0\u00bb42px|||||\u00a0\u00bb][\/et_pb_fullwidth_image][\/et_pb_section]<\/p>\n","protected":false},"excerpt":{"rendered":"<p>Situ\u00e9e sur le bord oriental de la mer des Cara\u00efbes, Sainte-Lucie fait partie des \u00eeles du Vent ; elle est situ\u00e9e entre les \u00eeles de Saint-Vincent-et-les-Grenadines au sud, la Barbade au sud-est, et la Martinique au nord. Sa superficie est de 620 km2 pour une population estim\u00e9e \u00e0 187 768 habitants. Sa capitale est Castries. [&hellip;]<\/p>\n","protected":false},"author":2,"featured_media":0,"comment_status":"closed","ping_status":"closed","sticky":false,"template":"","format":"standard","meta":{"_et_pb_use_builder":"on","_et_pb_old_content":"","_et_gb_content_width":"","footnotes":""},"categories":[117],"tags":[],"class_list":["post-10664","post","type-post","status-publish","format-standard","hentry","category-odyssea-sustainable-cultural-blue-routes"],"_links":{"self":[{"href":"https:\/\/www.odyssea.eu\/projets\/wp-json\/wp\/v2\/posts\/10664","targetHints":{"allow":["GET"]}}],"collection":[{"href":"https:\/\/www.odyssea.eu\/projets\/wp-json\/wp\/v2\/posts"}],"about":[{"href":"https:\/\/www.odyssea.eu\/projets\/wp-json\/wp\/v2\/types\/post"}],"author":[{"embeddable":true,"href":"https:\/\/www.odyssea.eu\/projets\/wp-json\/wp\/v2\/users\/2"}],"replies":[{"embeddable":true,"href":"https:\/\/www.odyssea.eu\/projets\/wp-json\/wp\/v2\/comments?post=10664"}],"version-history":[{"count":5,"href":"https:\/\/www.odyssea.eu\/projets\/wp-json\/wp\/v2\/posts\/10664\/revisions"}],"predecessor-version":[{"id":11786,"href":"https:\/\/www.odyssea.eu\/projets\/wp-json\/wp\/v2\/posts\/10664\/revisions\/11786"}],"wp:attachment":[{"href":"https:\/\/www.odyssea.eu\/projets\/wp-json\/wp\/v2\/media?parent=10664"}],"wp:term":[{"taxonomy":"category","embeddable":true,"href":"https:\/\/www.odyssea.eu\/projets\/wp-json\/wp\/v2\/categories?post=10664"},{"taxonomy":"post_tag","embeddable":true,"href":"https:\/\/www.odyssea.eu\/projets\/wp-json\/wp\/v2\/tags?post=10664"}],"curies":[{"name":"wp","href":"https:\/\/api.w.org\/{rel}","templated":true}]}}